{"id":188911,"date":"2020-07-24T08:30:37","date_gmt":"2020-07-24T12:30:37","guid":{"rendered":"http:\/\/santemc.quebec\/icentre\/?p=188911"},"modified":"2020-07-28T10:42:02","modified_gmt":"2020-07-28T14:42:02","slug":"un-projet-damelioration-du-cisss-recoit-une-bourse-forces","status":"publish","type":"post","link":"https:\/\/santemc.quebec\/icentre\/un-projet-damelioration-du-cisss-recoit-une-bourse-forces\/","title":{"rendered":"Un projet d\u2019am\u00e9lioration du CISSS re\u00e7oit une bourse FORCES"},"content":{"rendered":"<p>Une \u00e9quipe du CISSS de la Mont\u00e9r\u00e9gie-Centre figure parmi les 11 r\u00e9cipiendaires d\u2019une bourse FORCES, d\u00e9cern\u00e9es par la Fondation canadienne pour l\u2019am\u00e9lioration des services de sant\u00e9, pour mener \u00e0 bien son projet d\u2019am\u00e9lioration SENS\u00c9. Le projet, qui constitue le seul \u00e0 \u00eatre extrahospitalier, vise \u00e0 am\u00e9liorer le quotidien des personnes vivant avec une d\u00e9ficience visuelle par l\u2019int\u00e9gration en emploi au sein de notre CISSS. Il est issu d\u2019une collaboration entre la Direction des programmes d\u00e9ficiences (DI-TSA, DP et DV) et la Direction de l\u2019enseignement et des affaires universitaires et compte \u00e9galement un usager partenaire parmi ses membres. Retard\u00e9s dans le contexte de la pand\u00e9mie, les travaux d\u2019implantation d\u00e9buteront en ao\u00fbt prochain.<\/p>\n<p><!--more--><\/p>\n<p>L\u2019approche de SENS\u00c9 est d\u2019exploiter le potentiel des personnes ayant une d\u00e9ficience visuelle afin de r\u00e9pondre \u00e0 des besoins de main-d\u2019\u0153uvre sp\u00e9cifiques. Cette strat\u00e9gie repose sur la cr\u00e9ation d\u2019un continuum de d\u00e9veloppement des talents, c\u2019est-\u00e0-dire la mise en \u0153uvre d\u2019une cha\u00eene \u00ab \u00e9tude \u2013 stage au CISSSMC \u2013 emploi au CISSSMC \u00bb. Le continuum demandera la collaboration de l\u2019ensemble des directions du CISSS ainsi que le d\u00e9veloppement de partenariats avec les maisons d\u2019enseignement. Ces derni\u00e8res mettront en place des m\u00e9canismes pour adapter leurs strat\u00e9gies et outils d\u2019enseignement afin de r\u00e9pondre aux besoins sp\u00e9cifiques des \u00e9tudiants ayant une d\u00e9ficience visuelle, et ce, tout au long de leur formation.<\/p>\n<p>En plus d\u2019offrir une source de motivation aux nouveaux \u00e9tudiants, ce cheminement contribuera \u00e0 leur offrir un environnement de travail adapt\u00e9 tout en rehaussant notre taux de recrutement. Par ses vocations d\u2019enseignement et de centre de r\u00e9adaptation sp\u00e9cialis\u00e9 en d\u00e9ficience visuelle, notre CISSS accorde une importance particuli\u00e8re \u00e0 la formation de la rel\u00e8ve ainsi qu\u2019au d\u00e9veloppement d\u2019une culture organisationnelle bienveillante et inclusive.<\/p>\n<p>L\u2019\u00e9quipe du projet FORCES\u00a0:<\/p>\n<ul>\n<li>\u00c9tienne Veilleux, directeur des programmes de d\u00e9ficiences, DI-TSA-DP et DV<\/li>\n<li>Alexandra Plourde, adjointe au directeur \u00e0 l\u2019enseignement et aux affaires universitaires, Direction de l\u2019enseignement et des affaires universitaires<\/li>\n<li>Dre\u202fSophie\u202fGosselin, chef adjointe du D\u00e9partement de M\u00e9decine d\u2019urgence<\/li>\n<li>Daniel Morris, massoth\u00e9rapeute, di\u00e9t\u00e9ticien, patient partenaire<\/li>\n<li>Kim Frederik, conseill\u00e8re cadre charg\u00e9e de projet<\/li>\n<\/ul>\n","protected":false},"excerpt":{"rendered":"<p>Une \u00e9quipe du CISSS de la Mont\u00e9r\u00e9gie-Centre figure parmi les 11 r\u00e9cipiendaires d\u2019une bourse FORCES, d\u00e9cern\u00e9es par la Fondation canadienne pour l\u2019am\u00e9lioration des services de sant\u00e9, pour mener \u00e0 bien son projet d\u2019am\u00e9lioration SENS\u00c9. Le projet, qui constitue le seul &hellip; <a href=\"https:\/\/santemc.quebec\/icentre\/un-projet-damelioration-du-cisss-recoit-une-bourse-forces\/\">Continuer la lecture <span class=\"meta-nav\">&rarr;<\/span><\/a><\/p>\n","protected":false},"author":9,"featured_media":0,"comment_status":"open","ping_status":"closed","sticky":false,"template":"","format":"standard","meta":{"footnotes":""},"categories":[1],"tags":[],"_links":{"self":[{"href":"https:\/\/santemc.quebec\/icentre\/wp-json\/wp\/v2\/posts\/188911"}],"collection":[{"href":"https:\/\/santemc.quebec\/icentre\/wp-json\/wp\/v2\/posts"}],"about":[{"href":"https:\/\/santemc.quebec\/icentre\/wp-json\/wp\/v2\/types\/post"}],"author":[{"embeddable":true,"href":"https:\/\/santemc.quebec\/icentre\/wp-json\/wp\/v2\/users\/9"}],"replies":[{"embeddable":true,"href":"https:\/\/santemc.quebec\/icentre\/wp-json\/wp\/v2\/comments?post=188911"}],"version-history":[{"count":3,"href":"https:\/\/santemc.quebec\/icentre\/wp-json\/wp\/v2\/posts\/188911\/revisions"}],"predecessor-version":[{"id":188977,"href":"https:\/\/santemc.quebec\/icentre\/wp-json\/wp\/v2\/posts\/188911\/revisions\/188977"}],"wp:attachment":[{"href":"https:\/\/santemc.quebec\/icentre\/wp-json\/wp\/v2\/media?parent=188911"}],"wp:term":[{"taxonomy":"category","embeddable":true,"href":"https:\/\/santemc.quebec\/icentre\/wp-json\/wp\/v2\/categories?post=188911"},{"taxonomy":"post_tag","embeddable":true,"href":"https:\/\/santemc.quebec\/icentre\/wp-json\/wp\/v2\/tags?post=188911"}],"curies":[{"name":"wp","href":"https:\/\/api.w.org\/{rel}","templated":true}]}}