{"id":188978,"date":"2020-07-28T10:44:58","date_gmt":"2020-07-28T14:44:58","guid":{"rendered":"http:\/\/santemc.quebec\/icentre\/?p=188978"},"modified":"2020-07-28T10:51:13","modified_gmt":"2020-07-28T14:51:13","slug":"le-journal-de-montreal-retrace-le-parcours-de-katia-daraiche-employee-de-linlb","status":"publish","type":"post","link":"https:\/\/santemc.quebec\/icentre\/le-journal-de-montreal-retrace-le-parcours-de-katia-daraiche-employee-de-linlb\/","title":{"rendered":"Le Journal de Montr\u00e9al retrace le parcours de Katia Dara\u00eeche, employ\u00e9e de l\u2019INLB"},"content":{"rendered":"<div id=\"attachment_188979\" style=\"width: 235px\" class=\"wp-caption alignleft\"><img aria-describedby=\"caption-attachment-188979\" decoding=\"async\" loading=\"lazy\" class=\"wp-image-188979 size-medium\" src=\"https:\/\/santemc.quebec\/santemc\/icentre\/wp-content\/uploads\/2020\/07\/IMG_1241-225x300.jpeg\" alt=\"\" width=\"225\" height=\"300\" srcset=\"https:\/\/santemc.quebec\/santemc\/icentre\/wp-content\/uploads\/2020\/07\/IMG_1241-225x300.jpeg 225w, https:\/\/santemc.quebec\/santemc\/icentre\/wp-content\/uploads\/2020\/07\/IMG_1241.jpeg 480w\" sizes=\"(max-width: 225px) 100vw, 225px\" \/><p id=\"caption-attachment-188979\" class=\"wp-caption-text\">Katia Dara\u00eeche<\/p><\/div>\n<p>L\u2019\u00e9dition du 18 juillet du Journal de Montr\u00e9al retrace le parcours d\u2019une employ\u00e9e de l\u2019Institut Nazareth et Louis-Braille, Katia Dara\u00eeche.<\/p>\n<p>Technicienne en braille &#8211; volet tactile au Service de l&rsquo;adaptation de l&rsquo;information en m\u00e9dias substituts (AIMS) depuis plus d&rsquo;une douzaine d&rsquo;ann\u00e9es, elle se d\u00e9marque par sa l\u00e9gendaire bonne humeur, son professionnalisme et son assiduit\u00e9. Atteinte d\u2019une d\u00e9ficience visuelle depuis la naissance, Katia combine \u00e0 ses fonctions une carri\u00e8re de chanteuse en plus de pr\u00e9parer une autobiographie.<!--more--><\/p>\n<p>Pour consulter l\u2019article complet, cliquez sur le lien suivant\u00a0: <a href=\"https:\/\/www.journaldemontreal.com\/2020\/07\/18\/le-grand-retour-dune-battante\" target=\"_blank\" rel=\"noopener noreferrer\">https:\/\/www.journaldemontreal.com\/2020\/07\/18\/le-grand-retour-dune-battante<\/a><\/p>\n","protected":false},"excerpt":{"rendered":"<p>L\u2019\u00e9dition du 18 juillet du Journal de Montr\u00e9al retrace le parcours d\u2019une employ\u00e9e de l\u2019Institut Nazareth et Louis-Braille, Katia Dara\u00eeche. Technicienne en braille &#8211; volet tactile au Service de l&rsquo;adaptation de l&rsquo;information en m\u00e9dias substituts (AIMS) depuis plus d&rsquo;une douzaine &hellip; <a href=\"https:\/\/santemc.quebec\/icentre\/le-journal-de-montreal-retrace-le-parcours-de-katia-daraiche-employee-de-linlb\/\">Continuer la lecture <span class=\"meta-nav\">&rarr;<\/span><\/a><\/p>\n","protected":false},"author":1,"featured_media":0,"comment_status":"open","ping_status":"closed","sticky":false,"template":"","format":"standard","meta":{"footnotes":""},"categories":[1],"tags":[],"_links":{"self":[{"href":"https:\/\/santemc.quebec\/icentre\/wp-json\/wp\/v2\/posts\/188978"}],"collection":[{"href":"https:\/\/santemc.quebec\/icentre\/wp-json\/wp\/v2\/posts"}],"about":[{"href":"https:\/\/santemc.quebec\/icentre\/wp-json\/wp\/v2\/types\/post"}],"author":[{"embeddable":true,"href":"https:\/\/santemc.quebec\/icentre\/wp-json\/wp\/v2\/users\/1"}],"replies":[{"embeddable":true,"href":"https:\/\/santemc.quebec\/icentre\/wp-json\/wp\/v2\/comments?post=188978"}],"version-history":[{"count":5,"href":"https:\/\/santemc.quebec\/icentre\/wp-json\/wp\/v2\/posts\/188978\/revisions"}],"predecessor-version":[{"id":188984,"href":"https:\/\/santemc.quebec\/icentre\/wp-json\/wp\/v2\/posts\/188978\/revisions\/188984"}],"wp:attachment":[{"href":"https:\/\/santemc.quebec\/icentre\/wp-json\/wp\/v2\/media?parent=188978"}],"wp:term":[{"taxonomy":"category","embeddable":true,"href":"https:\/\/santemc.quebec\/icentre\/wp-json\/wp\/v2\/categories?post=188978"},{"taxonomy":"post_tag","embeddable":true,"href":"https:\/\/santemc.quebec\/icentre\/wp-json\/wp\/v2\/tags?post=188978"}],"curies":[{"name":"wp","href":"https:\/\/api.w.org\/{rel}","templated":true}]}}