{"id":188988,"date":"2020-07-28T16:22:00","date_gmt":"2020-07-28T20:22:00","guid":{"rendered":"http:\/\/santemc.quebec\/icentre\/?p=188988"},"modified":"2020-07-28T16:31:20","modified_gmt":"2020-07-28T20:31:20","slug":"un-projet-collectif-visant-les-saines-habitudes-recompense-par-le-carrefour-action-municipale-et-famille","status":"publish","type":"post","link":"https:\/\/santemc.quebec\/icentre\/un-projet-collectif-visant-les-saines-habitudes-recompense-par-le-carrefour-action-municipale-et-famille\/","title":{"rendered":"Un projet collectif visant les saines habitudes r\u00e9compens\u00e9 par le Carrefour action municipale et famille"},"content":{"rendered":"<p><img decoding=\"async\" loading=\"lazy\" class=\"alignleft size-medium wp-image-188989\" src=\"https:\/\/santemc.quebec\/santemc\/icentre\/wp-content\/uploads\/2020\/07\/fiche_mrc-haut-richelieu_v4-scaled-1-300x235.jpg\" alt=\"\" width=\"300\" height=\"235\" srcset=\"https:\/\/santemc.quebec\/santemc\/icentre\/wp-content\/uploads\/2020\/07\/fiche_mrc-haut-richelieu_v4-scaled-1-300x235.jpg 300w, https:\/\/santemc.quebec\/santemc\/icentre\/wp-content\/uploads\/2020\/07\/fiche_mrc-haut-richelieu_v4-scaled-1-383x300.jpg 383w, https:\/\/santemc.quebec\/santemc\/icentre\/wp-content\/uploads\/2020\/07\/fiche_mrc-haut-richelieu_v4-scaled-1.jpg 582w\" sizes=\"(max-width: 300px) 100vw, 300px\" \/>La coop\u00e9ration entre la MRC du Haut-Richelieu et notre \u00e9quipe des saines habitudes de vie a r\u00e9cemment \u00e9t\u00e9 r\u00e9compens\u00e9e par la remise du prix du Carrefour action municipale et famille (CAMF) dans la cat\u00e9gorie Intelligence collective. Le projet laur\u00e9at consiste en la cr\u00e9ation du comit\u00e9 rural en sant\u00e9 et qualit\u00e9 de vie regroupant les treize municipalit\u00e9s rurales de la MRC. L&rsquo;\u00e9quipe des agents de promotion de la sant\u00e9 du RLS du Haut-Richelieu-Rouville a \u00e9t\u00e9 l\u2019un des instigateurs de cette d\u00e9marche collective visant \u00e0 d\u00e9velopper des initiatives li\u00e9es aux saines habitudes de vies.<!--more--><\/p>\n<p>Le CAMF a notamment soulign\u00e9 l\u2019engagement de chaque municipalit\u00e9 \u00e0 d\u00e9l\u00e9guer une ressource pour faire vivre les actions du comit\u00e9 et bonifier leur offre de services. Port\u00e9e par des \u00e9lus et accompagn\u00e9e par les intervenants de la Direction de la sant\u00e9 publique, la d\u00e9marche encourage la solidarit\u00e9 \u00e0 l\u2019\u00e9chelle d\u2019une MRC et l\u2019optimisation des ressources mat\u00e9rielles et humaines. Parmi les projets concrets qui ont \u00e9man\u00e9 de la collaboration au sein du comit\u00e9, notons la mise en commun de mat\u00e9riel de loisir partageable, la cr\u00e9ation d\u2019un plan de mobilit\u00e9 active en milieu rural et l\u2019animation de panneaux d\u2019exercices pour les a\u00een\u00e9s dans les parcs de 10 municipalit\u00e9s.<\/p>\n<p>Bravo aux laur\u00e9ats et \u00e0 tous ceux qui ont contribu\u00e9 \u00e0 cette initiative positive en faveur de la qualit\u00e9 de vie!<\/p>\n","protected":false},"excerpt":{"rendered":"<p>La coop\u00e9ration entre la MRC du Haut-Richelieu et notre \u00e9quipe des saines habitudes de vie a r\u00e9cemment \u00e9t\u00e9 r\u00e9compens\u00e9e par la remise du prix du Carrefour action municipale et famille (CAMF) dans la cat\u00e9gorie Intelligence collective. Le projet laur\u00e9at consiste &hellip; <a href=\"https:\/\/santemc.quebec\/icentre\/un-projet-collectif-visant-les-saines-habitudes-recompense-par-le-carrefour-action-municipale-et-famille\/\">Continuer la lecture <span class=\"meta-nav\">&rarr;<\/span><\/a><\/p>\n","protected":false},"author":1,"featured_media":0,"comment_status":"open","ping_status":"closed","sticky":false,"template":"","format":"standard","meta":{"footnotes":""},"categories":[1],"tags":[],"_links":{"self":[{"href":"https:\/\/santemc.quebec\/icentre\/wp-json\/wp\/v2\/posts\/188988"}],"collection":[{"href":"https:\/\/santemc.quebec\/icentre\/wp-json\/wp\/v2\/posts"}],"about":[{"href":"https:\/\/santemc.quebec\/icentre\/wp-json\/wp\/v2\/types\/post"}],"author":[{"embeddable":true,"href":"https:\/\/santemc.quebec\/icentre\/wp-json\/wp\/v2\/users\/1"}],"replies":[{"embeddable":true,"href":"https:\/\/santemc.quebec\/icentre\/wp-json\/wp\/v2\/comments?post=188988"}],"version-history":[{"count":3,"href":"https:\/\/santemc.quebec\/icentre\/wp-json\/wp\/v2\/posts\/188988\/revisions"}],"predecessor-version":[{"id":188992,"href":"https:\/\/santemc.quebec\/icentre\/wp-json\/wp\/v2\/posts\/188988\/revisions\/188992"}],"wp:attachment":[{"href":"https:\/\/santemc.quebec\/icentre\/wp-json\/wp\/v2\/media?parent=188988"}],"wp:term":[{"taxonomy":"category","embeddable":true,"href":"https:\/\/santemc.quebec\/icentre\/wp-json\/wp\/v2\/categories?post=188988"},{"taxonomy":"post_tag","embeddable":true,"href":"https:\/\/santemc.quebec\/icentre\/wp-json\/wp\/v2\/tags?post=188988"}],"curies":[{"name":"wp","href":"https:\/\/api.w.org\/{rel}","templated":true}]}}