{"id":189090,"date":"2020-08-17T14:00:35","date_gmt":"2020-08-17T18:00:35","guid":{"rendered":"http:\/\/santemc.quebec\/icentre\/?p=189090"},"modified":"2020-08-17T14:58:17","modified_gmt":"2020-08-17T18:58:17","slug":"la-chorale-ces-voix-oubliees-offre-un-spectacle-aux-residents-du-chsld-champlain","status":"publish","type":"post","link":"https:\/\/santemc.quebec\/icentre\/la-chorale-ces-voix-oubliees-offre-un-spectacle-aux-residents-du-chsld-champlain\/","title":{"rendered":"La chorale Ces voix oubli\u00e9es offre un spectacle aux r\u00e9sidents du CHSLD Champlain"},"content":{"rendered":"<p>Les participants de la chorale <em>Ces voix oubli\u00e9es<\/em> ont offert lundi dernier un spectacle aux r\u00e9sidents du CHSLD Champlain \u00e0 Brossard. R\u00e9unis en petits groupes dans la cour int\u00e9rieure, dans le respect des r\u00e8gles de distanciation sociale, les spectateurs ont ainsi pu entendre le fruit du travail de ces chanteurs amateurs.<!--more--><\/p>\n<p>Ces voix oubli\u00e9es, c\u2019est une activit\u00e9 de r\u00e9tablissement par le chant mise sur pied par le chef de chorale Serge-Vincent Raymond \u00e0 la suite du t\u00e9moignage d\u2019une femme qui suivait des cours de chant et qui pr\u00e9sentait un trouble de sant\u00e9 mentale. Depuis 15 ans, cette activit\u00e9 permet \u00e0 des personnes comme elle de soutenir leur th\u00e9rapie et d\u2019acqu\u00e9rir de nouvelles forces, tout en luttant contre les tabous encore pr\u00e9sents dans la soci\u00e9t\u00e9.<\/p>\n<p>Cette ann\u00e9e, le chef de chorale a d\u00fb faire preuve d&rsquo;ing\u00e9niosit\u00e9 pour poursuivre les rencontres \u00e0 distance malgr\u00e9 la pand\u00e9mie. Le grand spectacle de fin d\u2019ann\u00e9e donn\u00e9 habituellement devant plus de 200 personnes et auquel participe des \u00e9l\u00e8ves du primaire a d\u2019ailleurs d\u00fb \u00eatre annul\u00e9.<\/p>\n<p>Lors du spectacle au CHSLD Champlain, Annie Tass\u00e9, gestionnaire \u00e0 la Direction des programmes sant\u00e9 mentale et d\u00e9pendances, a tenu \u00e0 rendre hommage au chef de chorale, \u00e0 Louise Dufresne, une b\u00e9n\u00e9vole d\u00e9vou\u00e9e et ancienne intervenante qui offre son soutien \u00e0 la chorale depuis 13 ans, ainsi qu\u2019aux participants qui ont travaill\u00e9 sans rel\u00e2che au cours des huit derniers mois.<\/p>\n<p><em>Ces voix oubli\u00e9es<\/em> a remport\u00e9 le Prix d\u2019excellence de l\u2019administration publique du Qu\u00e9bec en 2014 dans la cat\u00e9gorie Sant\u00e9 et services sociaux. De plus, une mention de l\u2019AQESS lui a \u00e9t\u00e9 attribu\u00e9e en 2014, soit L\u2019op\u00e9ration Bons coups qui vise \u00e0 faire conna\u00eetre les projets novateurs et les initiatives positives d\u00e9velopp\u00e9es par les \u00e9tablissements.<\/p>\n<p>&nbsp;<\/p>\n<div id=\"attachment_189091\" style=\"width: 650px\" class=\"wp-caption aligncenter\"><a href=\"https:\/\/santemc.quebec\/santemc\/icentre\/wp-content\/uploads\/2020\/08\/Photo-de-groupe-1.jpg\"><img aria-describedby=\"caption-attachment-189091\" decoding=\"async\" loading=\"lazy\" class=\"wp-image-189091 size-full\" src=\"https:\/\/santemc.quebec\/santemc\/icentre\/wp-content\/uploads\/2020\/08\/Photo-de-groupe-1.jpg\" alt=\"\" width=\"640\" height=\"511\" srcset=\"https:\/\/santemc.quebec\/santemc\/icentre\/wp-content\/uploads\/2020\/08\/Photo-de-groupe-1.jpg 640w, https:\/\/santemc.quebec\/santemc\/icentre\/wp-content\/uploads\/2020\/08\/Photo-de-groupe-1-300x240.jpg 300w, https:\/\/santemc.quebec\/santemc\/icentre\/wp-content\/uploads\/2020\/08\/Photo-de-groupe-1-376x300.jpg 376w\" sizes=\"(max-width: 640px) 100vw, 640px\" \/><\/a><p id=\"caption-attachment-189091\" class=\"wp-caption-text\">Des membres de la chorale pr\u00e9sents au CHSLD Champlain posent fi\u00e8rement!<\/p><\/div>\n<div id=\"attachment_189092\" style=\"width: 650px\" class=\"wp-caption aligncenter\"><a href=\"https:\/\/santemc.quebec\/santemc\/icentre\/wp-content\/uploads\/2020\/08\/Photo-2_grand-plan.jpg\"><img aria-describedby=\"caption-attachment-189092\" decoding=\"async\" loading=\"lazy\" class=\"wp-image-189092 size-full\" src=\"https:\/\/santemc.quebec\/santemc\/icentre\/wp-content\/uploads\/2020\/08\/Photo-2_grand-plan.jpg\" alt=\"\" width=\"640\" height=\"545\" srcset=\"https:\/\/santemc.quebec\/santemc\/icentre\/wp-content\/uploads\/2020\/08\/Photo-2_grand-plan.jpg 640w, https:\/\/santemc.quebec\/santemc\/icentre\/wp-content\/uploads\/2020\/08\/Photo-2_grand-plan-300x255.jpg 300w, https:\/\/santemc.quebec\/santemc\/icentre\/wp-content\/uploads\/2020\/08\/Photo-2_grand-plan-352x300.jpg 352w\" sizes=\"(max-width: 640px) 100vw, 640px\" \/><\/a><p id=\"caption-attachment-189092\" class=\"wp-caption-text\">Des r\u00e9sidents heureux de ce beau moment<\/p><\/div>\n","protected":false},"excerpt":{"rendered":"<p>Les participants de la chorale Ces voix oubli\u00e9es ont offert lundi dernier un spectacle aux r\u00e9sidents du CHSLD Champlain \u00e0 Brossard. R\u00e9unis en petits groupes dans la cour int\u00e9rieure, dans le respect des r\u00e8gles de distanciation sociale, les spectateurs ont &hellip; <a href=\"https:\/\/santemc.quebec\/icentre\/la-chorale-ces-voix-oubliees-offre-un-spectacle-aux-residents-du-chsld-champlain\/\">Continuer la lecture <span class=\"meta-nav\">&rarr;<\/span><\/a><\/p>\n","protected":false},"author":33,"featured_media":0,"comment_status":"open","ping_status":"closed","sticky":false,"template":"","format":"standard","meta":{"footnotes":""},"categories":[1],"tags":[],"_links":{"self":[{"href":"https:\/\/santemc.quebec\/icentre\/wp-json\/wp\/v2\/posts\/189090"}],"collection":[{"href":"https:\/\/santemc.quebec\/icentre\/wp-json\/wp\/v2\/posts"}],"about":[{"href":"https:\/\/santemc.quebec\/icentre\/wp-json\/wp\/v2\/types\/post"}],"author":[{"embeddable":true,"href":"https:\/\/santemc.quebec\/icentre\/wp-json\/wp\/v2\/users\/33"}],"replies":[{"embeddable":true,"href":"https:\/\/santemc.quebec\/icentre\/wp-json\/wp\/v2\/comments?post=189090"}],"version-history":[{"count":5,"href":"https:\/\/santemc.quebec\/icentre\/wp-json\/wp\/v2\/posts\/189090\/revisions"}],"predecessor-version":[{"id":189100,"href":"https:\/\/santemc.quebec\/icentre\/wp-json\/wp\/v2\/posts\/189090\/revisions\/189100"}],"wp:attachment":[{"href":"https:\/\/santemc.quebec\/icentre\/wp-json\/wp\/v2\/media?parent=189090"}],"wp:term":[{"taxonomy":"category","embeddable":true,"href":"https:\/\/santemc.quebec\/icentre\/wp-json\/wp\/v2\/categories?post=189090"},{"taxonomy":"post_tag","embeddable":true,"href":"https:\/\/santemc.quebec\/icentre\/wp-json\/wp\/v2\/tags?post=189090"}],"curies":[{"name":"wp","href":"https:\/\/api.w.org\/{rel}","templated":true}]}}