{"id":189295,"date":"2020-08-25T15:01:55","date_gmt":"2020-08-25T19:01:55","guid":{"rendered":"http:\/\/santemc.quebec\/icentre\/?p=189295"},"modified":"2020-08-25T16:07:45","modified_gmt":"2020-08-25T20:07:45","slug":"un-auteur-parmi-nos-anciens-pab","status":"publish","type":"post","link":"https:\/\/santemc.quebec\/icentre\/un-auteur-parmi-nos-anciens-pab\/","title":{"rendered":"Un auteur parmi nos anciens PAB"},"content":{"rendered":"<p><a href=\"https:\/\/santemc.quebec\/santemc\/icentre\/wp-content\/uploads\/2020\/08\/livre_SGrondin.jpg\"><img decoding=\"async\" loading=\"lazy\" class=\" wp-image-189316 alignleft\" src=\"https:\/\/santemc.quebec\/santemc\/icentre\/wp-content\/uploads\/2020\/08\/livre_SGrondin-300x300.jpg\" alt=\"\" width=\"157\" height=\"157\" srcset=\"https:\/\/santemc.quebec\/santemc\/icentre\/wp-content\/uploads\/2020\/08\/livre_SGrondin-300x300.jpg 300w, https:\/\/santemc.quebec\/santemc\/icentre\/wp-content\/uploads\/2020\/08\/livre_SGrondin-150x150.jpg 150w, https:\/\/santemc.quebec\/santemc\/icentre\/wp-content\/uploads\/2020\/08\/livre_SGrondin-768x768.jpg 768w, https:\/\/santemc.quebec\/santemc\/icentre\/wp-content\/uploads\/2020\/08\/livre_SGrondin.jpg 800w\" sizes=\"(max-width: 157px) 100vw, 157px\" \/><\/a>St\u00e9phane Grondin, pr\u00e9pos\u00e9 aux b\u00e9n\u00e9ficiaires en milieu hospitalier au CISSS de la Mont\u00e9r\u00e9gie-Centre depuis 1990 et maintenant \u00e0 la retraite, a \u00e9crit un livre de 23 nouvelles litt\u00e9raires portant sur le travail particulier des intervenants en milieu hospitalier.<\/p>\n<p><!--more--><\/p>\n<p>Dans ce recueil qui vient tout juste de para\u00eetre, les lecteurs suivent au quotidien les pas d\u2019un pr\u00e9pos\u00e9 aux b\u00e9n\u00e9ficiaires tout au long de sa carri\u00e8re. Ils entrent dans son monde, dans sa t\u00eate. Un livre qui aborde diff\u00e9rents aspects du m\u00e9tier comme l\u2019humanit\u00e9, le d\u00e9vouement, la mort.<\/p>\n<p>Le livre intitul\u00e9 <em>Aide \u00e0 mourir<\/em> est publi\u00e9 Chez Les \u00c9ditions Pourtous.<\/p>\n","protected":false},"excerpt":{"rendered":"<p>St\u00e9phane Grondin, pr\u00e9pos\u00e9 aux b\u00e9n\u00e9ficiaires en milieu hospitalier au CISSS de la Mont\u00e9r\u00e9gie-Centre depuis 1990 et maintenant \u00e0 la retraite, a \u00e9crit un livre de 23 nouvelles litt\u00e9raires portant sur le travail particulier des intervenants en milieu hospitalier.<\/p>\n","protected":false},"author":9,"featured_media":0,"comment_status":"open","ping_status":"closed","sticky":false,"template":"","format":"standard","meta":{"footnotes":""},"categories":[1],"tags":[],"_links":{"self":[{"href":"https:\/\/santemc.quebec\/icentre\/wp-json\/wp\/v2\/posts\/189295"}],"collection":[{"href":"https:\/\/santemc.quebec\/icentre\/wp-json\/wp\/v2\/posts"}],"about":[{"href":"https:\/\/santemc.quebec\/icentre\/wp-json\/wp\/v2\/types\/post"}],"author":[{"embeddable":true,"href":"https:\/\/santemc.quebec\/icentre\/wp-json\/wp\/v2\/users\/9"}],"replies":[{"embeddable":true,"href":"https:\/\/santemc.quebec\/icentre\/wp-json\/wp\/v2\/comments?post=189295"}],"version-history":[{"count":6,"href":"https:\/\/santemc.quebec\/icentre\/wp-json\/wp\/v2\/posts\/189295\/revisions"}],"predecessor-version":[{"id":189320,"href":"https:\/\/santemc.quebec\/icentre\/wp-json\/wp\/v2\/posts\/189295\/revisions\/189320"}],"wp:attachment":[{"href":"https:\/\/santemc.quebec\/icentre\/wp-json\/wp\/v2\/media?parent=189295"}],"wp:term":[{"taxonomy":"category","embeddable":true,"href":"https:\/\/santemc.quebec\/icentre\/wp-json\/wp\/v2\/categories?post=189295"},{"taxonomy":"post_tag","embeddable":true,"href":"https:\/\/santemc.quebec\/icentre\/wp-json\/wp\/v2\/tags?post=189295"}],"curies":[{"name":"wp","href":"https:\/\/api.w.org\/{rel}","templated":true}]}}