{"id":189299,"date":"2020-08-26T08:26:32","date_gmt":"2020-08-26T12:26:32","guid":{"rendered":"http:\/\/santemc.quebec\/icentre\/?p=189299"},"modified":"2020-08-26T08:26:32","modified_gmt":"2020-08-26T12:26:32","slug":"le-26-aout-honneur-a-nos-compagnons-canins","status":"publish","type":"post","link":"https:\/\/santemc.quebec\/icentre\/le-26-aout-honneur-a-nos-compagnons-canins\/","title":{"rendered":"Le 26 ao\u00fbt : honneur \u00e0 nos compagnons canins!"},"content":{"rendered":"<div id=\"attachment_189301\" style=\"width: 235px\" class=\"wp-caption alignleft\"><a href=\"https:\/\/santemc.quebec\/santemc\/icentre\/wp-content\/uploads\/2020\/08\/marc-st-onge-et-tucker.jpg\"><img aria-describedby=\"caption-attachment-189301\" decoding=\"async\" loading=\"lazy\" class=\"size-medium wp-image-189301\" src=\"https:\/\/santemc.quebec\/santemc\/icentre\/wp-content\/uploads\/2020\/08\/marc-st-onge-et-tucker-225x300.jpg\" alt=\"\" width=\"225\" height=\"300\" srcset=\"https:\/\/santemc.quebec\/santemc\/icentre\/wp-content\/uploads\/2020\/08\/marc-st-onge-et-tucker-225x300.jpg 225w, https:\/\/santemc.quebec\/santemc\/icentre\/wp-content\/uploads\/2020\/08\/marc-st-onge-et-tucker-768x1024.jpg 768w, https:\/\/santemc.quebec\/santemc\/icentre\/wp-content\/uploads\/2020\/08\/marc-st-onge-et-tucker-1152x1536.jpg 1152w, https:\/\/santemc.quebec\/santemc\/icentre\/wp-content\/uploads\/2020\/08\/marc-st-onge-et-tucker.jpg 1200w\" sizes=\"(max-width: 225px) 100vw, 225px\" \/><\/a><p id=\"caption-attachment-189301\" class=\"wp-caption-text\">Marc St-Onge et Tucker qui prendra sa retraite comme chien guide cette ann\u00e9e. Merci Tucker!<\/p><\/div>\n<p>Connaissez-vous Tucker, ce sympathique chien guide qui accompagne Marc St-Onge, un employ\u00e9 de l\u2019INLB, depuis plusieurs ann\u00e9es? Ou bien Rial ou M\u00e9lio qui ont longtemps fait carri\u00e8re parmi nous? En cette journ\u00e9e du chien, ces vaillants assistants canins sont \u00e0 l\u2019honneur aujourd\u2019hui et nous trouvons important de mettre en valeur les merveilleux chiens MIRA qui accompagnent nos coll\u00e8gues vivant avec une d\u00e9ficience visuelle.<\/p>\n<p><!--more--><\/p>\n<p><strong>Une relation tiss\u00e9e serr\u00e9e<br \/>\n<\/strong>C\u2019est en discutant avec des personnes b\u00e9n\u00e9ficiant d\u2019un chien guide, avec celles qui agissent \u00e0 titre de famille d\u2019accueil ou bien avec les sp\u00e9cialistes en orientation et mobilit\u00e9 de l\u2019INLB que l\u2019on prend pleinement conscience de la valeur qu\u2019un chien MIRA peut avoir et de la diff\u00e9rence qu\u2019il peut apporter au quotidien. Pour quelqu\u2019un vivant avec une d\u00e9ficience visuelle, le chien guide devient litt\u00e9ralement un lien entre lui (elle) et le monde; ils doivent cr\u00e9er une parfaite symbiose lors des d\u00e9placements. Marc St-Onge nous mentionne aussi qu\u2019il y a une relation privil\u00e9gi\u00e9e et un lien affectif tr\u00e8s important qui s\u2019installent entre les deux\u00a0: \u00ab\u00a0Je suis accompagn\u00e9 d\u2019un chien guide depuis maintenant 21 ans et je peux affirmer sans h\u00e9sitation qu\u2019un chien guide est bien plus qu\u2019une aide \u00e0 la mobilit\u00e9. C\u2019est un v\u00e9ritable ami et un complice de tous les jours\u00a0\u00bb.<\/p>\n<p>Pour Julie Gauthier, une autre employ\u00e9e \u00e0 l\u2019INLB, son chien MIRA signifie ceci\u00a0: \u00ab\u00a0Pour moi, mon chien Mira, c\u2019est synonyme de libert\u00e9. Je l\u2019ai re\u00e7u au moment o\u00f9 je d\u00e9m\u00e9nageais \u00e0 Montr\u00e9al pour mes \u00e9tudes. Il a \u00e9t\u00e9 le roc sur lequel j\u2019ai pu toujours compter dans des environnements inconnus et pour me frayer une place dans des foules. Gr\u00e2ce \u00e0 lui, j\u2019ai pu m\u2019\u00e9panouir. Je me sentais confiante et en s\u00e9curit\u00e9 dans mes d\u00e9placements. J\u2019ai choisi de le garder \u00e0 sa retraite parce qu\u2019il a pris soin de moi durant toutes ces ann\u00e9es et je souhaitais faire la m\u00eame chose pour lui.\u00a0\u00bb<\/p>\n<div id=\"attachment_189302\" style=\"width: 310px\" class=\"wp-caption aligncenter\"><a href=\"https:\/\/santemc.quebec\/santemc\/icentre\/wp-content\/uploads\/2020\/08\/julie-gauthier.jpg\"><img aria-describedby=\"caption-attachment-189302\" decoding=\"async\" loading=\"lazy\" class=\"size-medium wp-image-189302\" src=\"https:\/\/santemc.quebec\/santemc\/icentre\/wp-content\/uploads\/2020\/08\/julie-gauthier-300x300.jpg\" alt=\"\" width=\"300\" height=\"300\" srcset=\"https:\/\/santemc.quebec\/santemc\/icentre\/wp-content\/uploads\/2020\/08\/julie-gauthier-300x300.jpg 300w, https:\/\/santemc.quebec\/santemc\/icentre\/wp-content\/uploads\/2020\/08\/julie-gauthier-150x150.jpg 150w, https:\/\/santemc.quebec\/santemc\/icentre\/wp-content\/uploads\/2020\/08\/julie-gauthier.jpg 640w\" sizes=\"(max-width: 300px) 100vw, 300px\" \/><\/a><p id=\"caption-attachment-189302\" class=\"wp-caption-text\">Julie Gauthier et Rial, lui aussi \u00e0 la retraite!<\/p><\/div>\n<p>&nbsp;<\/p>\n<p><strong>INLB et MIRA\u00a0: une collaboration pour trouver le match parfait<\/strong><br \/>\nFait peu connu, l\u2019offre de services chien guide fait partie des services offerts par l\u2019INLB depuis maintenant 35 ans. C\u2019est en combinant l\u2019expertise de l\u2019INLB et celle de la Fondation MIRA que s\u2019est d\u00e9velopp\u00e9e, en \u00e9troite collaboration, une approche innovante et unique qui permet de r\u00e9pondre aux besoins des usagers en d\u00e9ficience visuelle souhaitant se d\u00e9placer avec un chien guide dans l\u2019ensemble du Qu\u00e9bec. Le personnel de la Fondation MIRA participe \u00e0 l\u2019\u00e9valuation et \u00e0 l\u2019entra\u00eenement du chien guide, et ce, en travaillant en \u00e9troite collaboration avec les sp\u00e9cialistes en orientation et mobilit\u00e9 de l\u2019INLB.<\/p>\n<p>L&rsquo;\u00e9quipe Fondation Mira &#8211; INLB assure le pairage de l\u2019usager avec le bon chien guide, les classes usagers \u2013 chien guide et le suivi \u00e0 long terme afin d\u2019offrir la meilleure adaptation possible au chien guide \u00e0 son nouvel environnement, celui du b\u00e9n\u00e9ficiaire.<\/p>\n<p>Merci \u00e0 ces valeureux compagnons canins de changer des vies!<\/p>\n<p>Pour en savoir plus sur le programme de chien guide pour d\u00e9ficience visuelle de la Fondation MIRA, c\u2019est <a href=\"https:\/\/www.mira.ca\/fr\/programmes\/chien-guide-deficience-visuelle\" target=\"_blank\" rel=\"noopener noreferrer\">ici<\/a><\/p>\n","protected":false},"excerpt":{"rendered":"<p>Connaissez-vous Tucker, ce sympathique chien guide qui accompagne Marc St-Onge, un employ\u00e9 de l\u2019INLB, depuis plusieurs ann\u00e9es? Ou bien Rial ou M\u00e9lio qui ont longtemps fait carri\u00e8re parmi nous? En cette journ\u00e9e du chien, ces vaillants assistants canins sont \u00e0 &hellip; <a href=\"https:\/\/santemc.quebec\/icentre\/le-26-aout-honneur-a-nos-compagnons-canins\/\">Continuer la lecture <span class=\"meta-nav\">&rarr;<\/span><\/a><\/p>\n","protected":false},"author":9,"featured_media":0,"comment_status":"open","ping_status":"closed","sticky":false,"template":"","format":"standard","meta":{"footnotes":""},"categories":[1],"tags":[],"_links":{"self":[{"href":"https:\/\/santemc.quebec\/icentre\/wp-json\/wp\/v2\/posts\/189299"}],"collection":[{"href":"https:\/\/santemc.quebec\/icentre\/wp-json\/wp\/v2\/posts"}],"about":[{"href":"https:\/\/santemc.quebec\/icentre\/wp-json\/wp\/v2\/types\/post"}],"author":[{"embeddable":true,"href":"https:\/\/santemc.quebec\/icentre\/wp-json\/wp\/v2\/users\/9"}],"replies":[{"embeddable":true,"href":"https:\/\/santemc.quebec\/icentre\/wp-json\/wp\/v2\/comments?post=189299"}],"version-history":[{"count":5,"href":"https:\/\/santemc.quebec\/icentre\/wp-json\/wp\/v2\/posts\/189299\/revisions"}],"predecessor-version":[{"id":189306,"href":"https:\/\/santemc.quebec\/icentre\/wp-json\/wp\/v2\/posts\/189299\/revisions\/189306"}],"wp:attachment":[{"href":"https:\/\/santemc.quebec\/icentre\/wp-json\/wp\/v2\/media?parent=189299"}],"wp:term":[{"taxonomy":"category","embeddable":true,"href":"https:\/\/santemc.quebec\/icentre\/wp-json\/wp\/v2\/categories?post=189299"},{"taxonomy":"post_tag","embeddable":true,"href":"https:\/\/santemc.quebec\/icentre\/wp-json\/wp\/v2\/tags?post=189299"}],"curies":[{"name":"wp","href":"https:\/\/api.w.org\/{rel}","templated":true}]}}