{"id":189308,"date":"2020-08-25T14:49:50","date_gmt":"2020-08-25T18:49:50","guid":{"rendered":"http:\/\/santemc.quebec\/icentre\/?p=189308"},"modified":"2020-08-25T15:01:22","modified_gmt":"2020-08-25T19:01:22","slug":"chantal-nicole-employee-de-linlb-partage-ses-experiences-a-lemission-le-calendrier-de-lapres","status":"publish","type":"post","link":"https:\/\/santemc.quebec\/icentre\/chantal-nicole-employee-de-linlb-partage-ses-experiences-a-lemission-le-calendrier-de-lapres\/","title":{"rendered":"Chantal Nicole, employ\u00e9e de l\u2019INLB, partage ses exp\u00e9riences \u00e0 l\u2019\u00e9mission Le calendrier de l\u2019apr\u00e8s"},"content":{"rendered":"<p><a href=\"https:\/\/santemc.quebec\/santemc\/icentre\/wp-content\/uploads\/2020\/08\/image_CNicole.png\"><img decoding=\"async\" loading=\"lazy\" class=\"size-medium wp-image-189313 alignleft\" src=\"https:\/\/santemc.quebec\/santemc\/icentre\/wp-content\/uploads\/2020\/08\/image_CNicole-300x169.png\" alt=\"\" width=\"300\" height=\"169\" srcset=\"https:\/\/santemc.quebec\/santemc\/icentre\/wp-content\/uploads\/2020\/08\/image_CNicole-300x169.png 300w, https:\/\/santemc.quebec\/santemc\/icentre\/wp-content\/uploads\/2020\/08\/image_CNicole-1024x576.png 1024w, https:\/\/santemc.quebec\/santemc\/icentre\/wp-content\/uploads\/2020\/08\/image_CNicole-768x432.png 768w, https:\/\/santemc.quebec\/santemc\/icentre\/wp-content\/uploads\/2020\/08\/image_CNicole-500x281.png 500w, https:\/\/santemc.quebec\/santemc\/icentre\/wp-content\/uploads\/2020\/08\/image_CNicole.png 1250w\" sizes=\"(max-width: 300px) 100vw, 300px\" \/><\/a>Atteinte d\u2019une d\u00e9ficience visuelle, Chantal Nicole travaille au service de r\u00e9adaptation de l\u2019Institut Nazareth et Louis-Braille. Avide d\u2019aventures, elle voue \u00e9galement une passion aux voyages qui sollicitent ses autres sens et au ski alpin. C\u2019est pour partager ses exp\u00e9riences et comment elle a apprivois\u00e9 ses peurs qu\u2019elle a particip\u00e9 \u00e0 l\u2019\u00e9dition du 15 ao\u00fbt de l\u2019\u00e9mission <em>Le calendrier de l\u2019apr\u00e8s<\/em> sur la cha\u00eene d\u2019Ici Premi\u00e8re.<\/p>\n<p><!--more--><\/p>\n<p>Son intervention accompagnait les r\u00e9flexions du metteur en sc\u00e8ne Robert Lepage autour de <em>l\u2019Inconnu, ce moteur qui appelle \u00e0 la curiosit\u00e9 et \u00e0 la d\u00e9couverte<\/em>.<\/p>\n<p>Vous pouvez entendre l\u2019entrevue de Mme Nicole au lien suivant (aux environs de la 42<sup>e<\/sup> minute)\u00a0:\u00a0<a href=\"https:\/\/can01.safelinks.protection.outlook.com\/?url=https%3A%2F%2Fici.radio-canada.ca%2Fpremiere%2Femissions%2Fle-calendrier-de-l-apres%2Fepisodes%2F466978%2Frattrapage-du-samedi-15-aout-2020&amp;data=02%7C01%7Cannie.laroche.cisssmc16%40ssss.gouv.qc.ca%7C270cbfd5a7094178998508d848341be1%7C06e1fe285f8b4075bf6cae24be1a7992%7C0%7C0%7C637338735925250578&amp;sdata=qCQ6E0ZacKikZrgYUcg7bq0mM0%2FwiWOTkACFp%2FC601Q%3D&amp;reserved=0\" target=\"_blank\" rel=\"noopener noreferrer\">https:\/\/ici.radio-canada.ca\/premiere\/emissions\/le-calendrier-de-l-apres\/episodes\/466978\/rattrapage-du-samedi-15-aout-2020<\/a><\/p>\n","protected":false},"excerpt":{"rendered":"<p>Atteinte d\u2019une d\u00e9ficience visuelle, Chantal Nicole travaille au service de r\u00e9adaptation de l\u2019Institut Nazareth et Louis-Braille. Avide d\u2019aventures, elle voue \u00e9galement une passion aux voyages qui sollicitent ses autres sens et au ski alpin. C\u2019est pour partager ses exp\u00e9riences et &hellip; <a href=\"https:\/\/santemc.quebec\/icentre\/chantal-nicole-employee-de-linlb-partage-ses-experiences-a-lemission-le-calendrier-de-lapres\/\">Continuer la lecture <span class=\"meta-nav\">&rarr;<\/span><\/a><\/p>\n","protected":false},"author":9,"featured_media":0,"comment_status":"open","ping_status":"closed","sticky":false,"template":"","format":"standard","meta":{"footnotes":""},"categories":[1],"tags":[],"_links":{"self":[{"href":"https:\/\/santemc.quebec\/icentre\/wp-json\/wp\/v2\/posts\/189308"}],"collection":[{"href":"https:\/\/santemc.quebec\/icentre\/wp-json\/wp\/v2\/posts"}],"about":[{"href":"https:\/\/santemc.quebec\/icentre\/wp-json\/wp\/v2\/types\/post"}],"author":[{"embeddable":true,"href":"https:\/\/santemc.quebec\/icentre\/wp-json\/wp\/v2\/users\/9"}],"replies":[{"embeddable":true,"href":"https:\/\/santemc.quebec\/icentre\/wp-json\/wp\/v2\/comments?post=189308"}],"version-history":[{"count":4,"href":"https:\/\/santemc.quebec\/icentre\/wp-json\/wp\/v2\/posts\/189308\/revisions"}],"predecessor-version":[{"id":189314,"href":"https:\/\/santemc.quebec\/icentre\/wp-json\/wp\/v2\/posts\/189308\/revisions\/189314"}],"wp:attachment":[{"href":"https:\/\/santemc.quebec\/icentre\/wp-json\/wp\/v2\/media?parent=189308"}],"wp:term":[{"taxonomy":"category","embeddable":true,"href":"https:\/\/santemc.quebec\/icentre\/wp-json\/wp\/v2\/categories?post=189308"},{"taxonomy":"post_tag","embeddable":true,"href":"https:\/\/santemc.quebec\/icentre\/wp-json\/wp\/v2\/tags?post=189308"}],"curies":[{"name":"wp","href":"https:\/\/api.w.org\/{rel}","templated":true}]}}