{"id":189824,"date":"2020-09-16T08:29:09","date_gmt":"2020-09-16T12:29:09","guid":{"rendered":"http:\/\/santemc.quebec\/icentre\/?p=189824"},"modified":"2020-09-16T13:28:34","modified_gmt":"2020-09-16T17:28:34","slug":"prochaines-conferences-scientifiques-centre-de-recherche-interdisciplinaire-en-readaptation-du-montreal-metropolitain-institut-nazareth-et-louis-braille","status":"publish","type":"post","link":"https:\/\/santemc.quebec\/icentre\/prochaines-conferences-scientifiques-centre-de-recherche-interdisciplinaire-en-readaptation-du-montreal-metropolitain-institut-nazareth-et-louis-braille\/","title":{"rendered":"Prochaines conf\u00e9rences scientifiques Centre de recherche interdisciplinaire en r\u00e9adaptation du Montr\u00e9al m\u00e9tropolitain\u2013Institut Nazareth et Louis-Braille"},"content":{"rendered":"<p><a href=\"https:\/\/santemc.quebec\/santemc\/icentre\/wp-content\/uploads\/2020\/09\/INLB_20ans.jpg\"><img decoding=\"async\" loading=\"lazy\" class=\"size-medium wp-image-189830 alignleft\" src=\"https:\/\/santemc.quebec\/santemc\/icentre\/wp-content\/uploads\/2020\/09\/INLB_20ans-300x221.jpg\" alt=\"\" width=\"300\" height=\"221\" srcset=\"https:\/\/santemc.quebec\/santemc\/icentre\/wp-content\/uploads\/2020\/09\/INLB_20ans-300x221.jpg 300w, https:\/\/santemc.quebec\/santemc\/icentre\/wp-content\/uploads\/2020\/09\/INLB_20ans-408x300.jpg 408w, https:\/\/santemc.quebec\/santemc\/icentre\/wp-content\/uploads\/2020\/09\/INLB_20ans.jpg 544w\" sizes=\"(max-width: 300px) 100vw, 300px\" \/><\/a>Le CISSS de la Mont\u00e9r\u00e9gie-Centre a planifi\u00e9 une s\u00e9rie de quatre conf\u00e9rences scientifiques qui souligneront le 20e anniversaire du Centre de recherche interdisciplinaire en r\u00e9adaptation du Montr\u00e9al m\u00e9tropolitain (CRIR), dont l\u2019Institut Nazareth et Louis-Braille l\u2019un des membres fondateurs.<\/p>\n<p><!--more--><\/p>\n<p>Les conf\u00e9rences seront diffus\u00e9es par Zoom.<\/p>\n<p>Le nombre de places est limit\u00e9. Inscrivez-vous d\u00e8s maintenant.<\/p>\n<p>Pour vous inscrire, cliquez sur le lien associ\u00e9 \u00e0 la conf\u00e9rence d\u00e9sir\u00e9e.<\/p>\n<table>\n<tbody>\n<tr>\n<td><strong>Le mercredi 7 octobre 2020, 12 h 10 \u00e0 13 h<br \/>\n<\/strong><em>Practice-based guidelines for determining when a child with visual impairment should be assessed for Autism Spectrum Disorder<br \/>\n<\/em>Conf\u00e9renci\u00e8re\u00a0: <a href=\"https:\/\/www.researchgate.net\/profile\/Andrea_Urqueta_Alfaro\" target=\"_blank\" rel=\"noopener noreferrer\">Andrea Urqueta Alfaro<\/a>, Ph. D.<br \/>\nConf\u00e9rence en anglais \u2013 diapositives en fran\u00e7ais<br \/>\nInscription\u00a0: <a href=\"https:\/\/fr.surveymonkey.com\/r\/A_U_Alfaro\" target=\"_blank\" rel=\"noopener noreferrer\">https:\/\/fr.surveymonkey.com\/r\/A_U_Alfaro<\/a><\/td>\n<td><\/td>\n<\/tr>\n<\/tbody>\n<\/table>\n<table>\n<tbody>\n<tr>\n<td><strong>Le mercredi 21 octobre 2020, 12 h 10 \u00e0 13 h<br \/>\n<\/strong>Exploration des effets de la th\u00e9rapie par la danse, une nouvelle modalit\u00e9 d&rsquo;intervention favorisant l&rsquo;int\u00e9gration et la participation sociales des enfants avec troubles neurovisuels<br \/>\n<strong>Conf\u00e9renci\u00e8re\u00a0:<\/strong> <a href=\"https:\/\/crir.ca\/chercheurs-et-intervenants\/chercheurs-reguliers\/frederique-poncet-erg-ph-d\/\" target=\"_blank\" rel=\"noopener noreferrer\">Fr\u00e9d\u00e9rique Poncet<\/a>, Ph. D.<br \/>\n<strong>Inscription\u00a0: <\/strong><a href=\"https:\/\/fr.surveymonkey.com\/r\/F_Poncet\" target=\"_blank\" rel=\"noopener noreferrer\"><strong>https:\/\/fr.surveymonkey.com\/r\/F_Poncet<\/strong><\/a><\/td>\n<td><\/td>\n<\/tr>\n<\/tbody>\n<\/table>\n<table>\n<tbody>\n<tr>\n<td><strong>Le mercredi 4 novembre 2020, 12 h 10 \u00e0 13 h<br \/>\n<\/strong>L\u2019examen des comp\u00e9tences visuospatiales<br \/>\n<strong>Conf\u00e9rencier\u00a0:<\/strong> <a href=\"https:\/\/crir.ca\/chercheurs-et-intervenants\/chercheurs-reguliers\/arnaud-saj-phd\/\" target=\"_blank\" rel=\"noopener noreferrer\">Arnaud Saj<\/a>, Ph. D.<br \/>\n<strong>Inscription\u00a0: <\/strong><a href=\"https:\/\/fr.surveymonkey.com\/r\/A_Saj\" target=\"_blank\" rel=\"noopener noreferrer\"><strong>https:\/\/fr.surveymonkey.com\/r\/A_Saj<\/strong><\/a><\/td>\n<td><\/td>\n<\/tr>\n<\/tbody>\n<\/table>\n<table>\n<tbody>\n<tr>\n<td><strong>Le mercredi 18 novembre 2020, 12 h 10 \u00e0 13 h<br \/>\n<\/strong>Portrait de la gestion des sympt\u00f4mes d\u00e9pressifs dans les centres de r\u00e9adaptation qu\u00e9b\u00e9cois pour la client\u00e8le a\u00een\u00e9e ayant une d\u00e9ficience visuelle<br \/>\n<strong>Conf\u00e9renci\u00e8re\u00a0:<\/strong> <a href=\"http:\/\/www.opto.umontreal.ca\/prof\/RenaudJ.html\" target=\"_blank\" rel=\"noopener noreferrer\">Judith Renaud<\/a>, Ph. D.<br \/>\n<strong style=\"font-family: inherit; font-size: inherit;\">Inscription\u00a0: <\/strong><a style=\"font-family: inherit; font-size: inherit;\" href=\"https:\/\/fr.surveymonkey.com\/r\/J_Renaud\" target=\"_blank\" rel=\"noopener noreferrer\"><strong>https:\/\/fr.surveymonkey.com\/r\/J_Renaud<\/strong><\/a><\/td>\n<td><\/td>\n<\/tr>\n<\/tbody>\n<\/table>\n<p>&nbsp;<\/p>\n","protected":false},"excerpt":{"rendered":"<p>Le CISSS de la Mont\u00e9r\u00e9gie-Centre a planifi\u00e9 une s\u00e9rie de quatre conf\u00e9rences scientifiques qui souligneront le 20e anniversaire du Centre de recherche interdisciplinaire en r\u00e9adaptation du Montr\u00e9al m\u00e9tropolitain (CRIR), dont l\u2019Institut Nazareth et Louis-Braille l\u2019un des membres fondateurs.<\/p>\n","protected":false},"author":9,"featured_media":0,"comment_status":"open","ping_status":"closed","sticky":false,"template":"","format":"standard","meta":{"footnotes":""},"categories":[1],"tags":[],"_links":{"self":[{"href":"https:\/\/santemc.quebec\/icentre\/wp-json\/wp\/v2\/posts\/189824"}],"collection":[{"href":"https:\/\/santemc.quebec\/icentre\/wp-json\/wp\/v2\/posts"}],"about":[{"href":"https:\/\/santemc.quebec\/icentre\/wp-json\/wp\/v2\/types\/post"}],"author":[{"embeddable":true,"href":"https:\/\/santemc.quebec\/icentre\/wp-json\/wp\/v2\/users\/9"}],"replies":[{"embeddable":true,"href":"https:\/\/santemc.quebec\/icentre\/wp-json\/wp\/v2\/comments?post=189824"}],"version-history":[{"count":7,"href":"https:\/\/santemc.quebec\/icentre\/wp-json\/wp\/v2\/posts\/189824\/revisions"}],"predecessor-version":[{"id":189885,"href":"https:\/\/santemc.quebec\/icentre\/wp-json\/wp\/v2\/posts\/189824\/revisions\/189885"}],"wp:attachment":[{"href":"https:\/\/santemc.quebec\/icentre\/wp-json\/wp\/v2\/media?parent=189824"}],"wp:term":[{"taxonomy":"category","embeddable":true,"href":"https:\/\/santemc.quebec\/icentre\/wp-json\/wp\/v2\/categories?post=189824"},{"taxonomy":"post_tag","embeddable":true,"href":"https:\/\/santemc.quebec\/icentre\/wp-json\/wp\/v2\/tags?post=189824"}],"curies":[{"name":"wp","href":"https:\/\/api.w.org\/{rel}","templated":true}]}}