{"id":189844,"date":"2020-09-15T16:00:16","date_gmt":"2020-09-15T20:00:16","guid":{"rendered":"http:\/\/santemc.quebec\/icentre\/?p=189844"},"modified":"2020-09-16T15:23:47","modified_gmt":"2020-09-16T19:23:47","slug":"covid-19-nouveaux-documents-pci-2-copy","status":"publish","type":"post","link":"https:\/\/santemc.quebec\/icentre\/covid-19-nouveaux-documents-pci-2-copy\/","title":{"rendered":"COVID-19 : 2 mises \u00e0 jour et 1 nouveau document PCI"},"content":{"rendered":"<ul>\n<li><a class=\"pdf\" href=\"https:\/\/santemc.quebec\/icentre\/wp-content\/uploads\/documents\/PCI\/Criteres_determinants_si_usagers_retablis_COVID-19.pdf\" target=\"_blank\" rel=\"noopener noreferrer\">Crit\u00e8res d\u00e9terminant si un usager est r\u00e9tabli de la COVID-19\u00a0<i class=\"fa fa-file-text\" title=\"(document t\u00e9l\u00e9chargeable)\"><\/i><\/a><\/li>\n<li><a class=\"pdf\" href=\"https:\/\/santemc.quebec\/icentre\/wp-content\/uploads\/documents\/PCI\/Gestion_lits_COVID19_unites_soins_incluant_pediatrie.pdf\" target=\"_blank\" rel=\"noopener noreferrer\">Gestion de lits COVID-19 pour les unit\u00e9s de soins, incluant la p\u00e9diatrie\u00a0<i class=\"fa fa-file-text\" title=\"(document t\u00e9l\u00e9chargeable)\"><\/i><\/a><\/li>\n<li><a class=\"pdf\" href=\"https:\/\/santemc.quebec\/icentre\/wp-content\/uploads\/documents\/PCI\/Trajectoire_PCI_COVID19.pdf\" target=\"_blank\" rel=\"noopener noreferrer\">Trajectoire PCI CVOVID-19\u00a0<\/a><\/li>\n<\/ul>\n","protected":false},"excerpt":{"rendered":"<p>Crit\u00e8res d\u00e9terminant si un usager est r\u00e9tabli de la COVID-19\u00a0 Gestion de lits COVID-19 pour les unit\u00e9s de soins, incluant la p\u00e9diatrie\u00a0 Trajectoire PCI CVOVID-19\u00a0<\/p>\n","protected":false},"author":1,"featured_media":0,"comment_status":"open","ping_status":"closed","sticky":false,"template":"","format":"standard","meta":{"footnotes":""},"categories":[1],"tags":[],"_links":{"self":[{"href":"https:\/\/santemc.quebec\/icentre\/wp-json\/wp\/v2\/posts\/189844"}],"collection":[{"href":"https:\/\/santemc.quebec\/icentre\/wp-json\/wp\/v2\/posts"}],"about":[{"href":"https:\/\/santemc.quebec\/icentre\/wp-json\/wp\/v2\/types\/post"}],"author":[{"embeddable":true,"href":"https:\/\/santemc.quebec\/icentre\/wp-json\/wp\/v2\/users\/1"}],"replies":[{"embeddable":true,"href":"https:\/\/santemc.quebec\/icentre\/wp-json\/wp\/v2\/comments?post=189844"}],"version-history":[{"count":2,"href":"https:\/\/santemc.quebec\/icentre\/wp-json\/wp\/v2\/posts\/189844\/revisions"}],"predecessor-version":[{"id":189892,"href":"https:\/\/santemc.quebec\/icentre\/wp-json\/wp\/v2\/posts\/189844\/revisions\/189892"}],"wp:attachment":[{"href":"https:\/\/santemc.quebec\/icentre\/wp-json\/wp\/v2\/media?parent=189844"}],"wp:term":[{"taxonomy":"category","embeddable":true,"href":"https:\/\/santemc.quebec\/icentre\/wp-json\/wp\/v2\/categories?post=189844"},{"taxonomy":"post_tag","embeddable":true,"href":"https:\/\/santemc.quebec\/icentre\/wp-json\/wp\/v2\/tags?post=189844"}],"curies":[{"name":"wp","href":"https:\/\/api.w.org\/{rel}","templated":true}]}}