{"id":189854,"date":"2020-09-15T16:53:18","date_gmt":"2020-09-15T20:53:18","guid":{"rendered":"http:\/\/santemc.quebec\/icentre\/?p=189854"},"modified":"2020-09-15T16:53:18","modified_gmt":"2020-09-15T20:53:18","slug":"covid-19-la-region-de-la-monteregie-atteint-le-palier-jaune","status":"publish","type":"post","link":"https:\/\/santemc.quebec\/icentre\/covid-19-la-region-de-la-monteregie-atteint-le-palier-jaune\/","title":{"rendered":"COVID-19 : La r\u00e9gion de la Mont\u00e9r\u00e9gie atteint le palier jaune"},"content":{"rendered":"<p><a href=\"https:\/\/santemc.quebec\/santemc\/icentre\/wp-content\/uploads\/2020\/09\/2020-09-15_CI_54_Palier_jaune-1.pdf\" target=\"_blank\" rel=\"noopener noreferrer\">Lire le communiqu\u00e9 interne<\/a><\/p>\n<p>&nbsp;<\/p>\n","protected":false},"excerpt":{"rendered":"<p>Lire le communiqu\u00e9 interne &nbsp;<\/p>\n","protected":false},"author":1,"featured_media":0,"comment_status":"open","ping_status":"closed","sticky":false,"template":"","format":"standard","meta":{"footnotes":""},"categories":[1],"tags":[],"_links":{"self":[{"href":"https:\/\/santemc.quebec\/icentre\/wp-json\/wp\/v2\/posts\/189854"}],"collection":[{"href":"https:\/\/santemc.quebec\/icentre\/wp-json\/wp\/v2\/posts"}],"about":[{"href":"https:\/\/santemc.quebec\/icentre\/wp-json\/wp\/v2\/types\/post"}],"author":[{"embeddable":true,"href":"https:\/\/santemc.quebec\/icentre\/wp-json\/wp\/v2\/users\/1"}],"replies":[{"embeddable":true,"href":"https:\/\/santemc.quebec\/icentre\/wp-json\/wp\/v2\/comments?post=189854"}],"version-history":[{"count":1,"href":"https:\/\/santemc.quebec\/icentre\/wp-json\/wp\/v2\/posts\/189854\/revisions"}],"predecessor-version":[{"id":189856,"href":"https:\/\/santemc.quebec\/icentre\/wp-json\/wp\/v2\/posts\/189854\/revisions\/189856"}],"wp:attachment":[{"href":"https:\/\/santemc.quebec\/icentre\/wp-json\/wp\/v2\/media?parent=189854"}],"wp:term":[{"taxonomy":"category","embeddable":true,"href":"https:\/\/santemc.quebec\/icentre\/wp-json\/wp\/v2\/categories?post=189854"},{"taxonomy":"post_tag","embeddable":true,"href":"https:\/\/santemc.quebec\/icentre\/wp-json\/wp\/v2\/tags?post=189854"}],"curies":[{"name":"wp","href":"https:\/\/api.w.org\/{rel}","templated":true}]}}