{"id":189887,"date":"2020-09-16T15:07:27","date_gmt":"2020-09-16T19:07:27","guid":{"rendered":"http:\/\/santemc.quebec\/icentre\/?p=189887"},"modified":"2020-09-17T09:34:42","modified_gmt":"2020-09-17T13:34:42","slug":"la-39e-journee-daction-contre-la-violence-sexuelle-faite-aux-femmes-aura-lieu-sous-le-theme-courageuses-de-toutes-facons-a-notre-facon","status":"publish","type":"post","link":"https:\/\/santemc.quebec\/icentre\/la-39e-journee-daction-contre-la-violence-sexuelle-faite-aux-femmes-aura-lieu-sous-le-theme-courageuses-de-toutes-facons-a-notre-facon\/","title":{"rendered":"La 39e Journ\u00e9e d\u2019action contre la violence sexuelle faite aux femmes aura lieu sous le th\u00e8me \u00ab Courageuses de toutes fa\u00e7ons\u2026 \u00c0 notre fa\u00e7on! \u00bb"},"content":{"rendered":"<p><a href=\"https:\/\/santemc.quebec\/santemc\/icentre\/wp-content\/uploads\/2020\/09\/visuel_JACVSFF.png\"><img decoding=\"async\" loading=\"lazy\" class=\" wp-image-189888 alignleft\" src=\"https:\/\/santemc.quebec\/santemc\/icentre\/wp-content\/uploads\/2020\/09\/visuel_JACVSFF-300x197.png\" alt=\"\" width=\"298\" height=\"200\" \/><\/a>Le Regroupement qu\u00e9b\u00e9cois des Centres d\u2019aide et de lutte contre les agressions \u00e0 caract\u00e8re sexuel (RQCALACS) et ses membres souligneront le vendredi le 18 septembre 2020, la 39<sup>e<\/sup> Journ\u00e9e d\u2019action contre la violence sexuelle faite aux femmes (JACVSFF) en lan\u00e7ant une campagne de sensibilisation sous le th\u00e8me \u00ab Courageuses de toutes fa\u00e7ons\u2026 \u00c0 notre fa\u00e7on! \u00bb.<\/p>\n<p><!--more--><\/p>\n<p>Cette campagne vise \u00e0 reconna\u00eetre les survivantes de violences sexuelles et \u00e0 mettre en lumi\u00e8re leurs parcours, quels qu\u2019ils soient.<\/p>\n<p>Les CALACS offrent du soutien aux survivantes d\u2019agression \u00e0 caract\u00e8re sexuel par l\u2019entremise de suivis individuels ou de groupe ou en les accompagnant dans diverses d\u00e9marches.<\/p>\n<p><strong>Quelques faits saillants entourant les violences sexuelles faites aux femmes*<\/strong><\/p>\n<ul>\n<li>En 2018-2019, les CALACS ont enregistr\u00e9 une augmentation des nouvelles demandes qui s\u2019\u00e9l\u00e8ve \u00e0 12,5 %.<\/li>\n<li>La majorit\u00e9 (63,9 %) des femmes et des filles qui sont venues chercher du soutien dans les CALACS en 2018-2019 ont \u00e9t\u00e9 agress\u00e9es avant l\u2019\u00e2ge de 18 ans.<\/li>\n<li>En effet, 32,6 % des survivantes ont subi une agression \u00e0 caract\u00e8re sexuel avant l\u2019\u00e2ge de 11 ans alors que plus du quart (31,3 %) ont \u00e9t\u00e9 agress\u00e9es entre 12 et 17 ans.<\/li>\n<li>Plus de 90 % des femmes et des filles qui ont eu recours aux services des CALACS connaissaient la personne qui les a agress\u00e9es.<\/li>\n<\/ul>\n<p><em>*Statistiques 2018-2019 &#8211; Regroupement qu\u00e9b\u00e9cois des centres d\u2019aide et de lutte contre les agressions \u00e0 caract\u00e8re sexuel (RQCALACS)<\/em><\/p>\n<p>Au cours des 10 prochains jours, les CALACS de la province organiseront divers \u00e9v\u00e9nements et activit\u00e9s afin de souligner la JACVSFF, tout en respectant les r\u00e8gles de distanciation physique et les d\u00e9crets gouvernementaux.<\/p>\n<p>Pour plus d\u2019information sur cette journ\u00e9e et pour en savoir plus sur les services offerts par les CALACS, vous pouvez consulter le site du regroupement qu\u00e9b\u00e9cois des centres d\u2019aide et de lutte contre les agressions \u00e0 caract\u00e8re sexuel au <a href=\"http:\/\/rqcalacs.qc.ca\/\">http:\/\/rqcalacs.qc.ca\/<\/a><\/p>\n<p>Les personnes qui habitent le territoire du CISSS de la Mont\u00e9r\u00e9gie-Centre et qui veulent obtenir de l\u2019aide ou du soutien peuvent communiquer avec le 811, option 2 ou joindre les services d\u2019accueil psychosocial\u00a0des CLSC :<\/p>\n<ul>\n<li>CLSC Saint-Hubert : 450 443-7400, poste 7318<\/li>\n<li>CLSC Samuel-de-Champlain : 450 445-4452, poste 612666<\/li>\n<li>CLSC Vall\u00e9e-des-Forts : 450 358-2572, poste 4510<\/li>\n<li>CLSC du Richelieu : 450 658-7561, poste 4510<\/li>\n<\/ul>\n<p>Nous retrouvons \u00e9galement les services r\u00e9gionaux du Centre d\u2019aide aux victimes d\u2019actes criminels (CAVAC) au sein du CISSSMC. Les services s\u2019adressent \u00e0 toute personne victime d\u2019acte criminel, peu importe son \u00e2ge et son genre. Des points de services sont situ\u00e9s au Palais de justice de Saint-Jean-sur-Richelieu ainsi qu\u2019\u00e0 celui de Longueuil pour les personnes qui r\u00e9sident sur ces territoires.<\/p>\n<p>Sur le territoire du r\u00e9seau local de services (RLS) du Haut-Richelieu\u2013Rouville, l\u2019organisme L\u2019Expression Libre offre un soutien aux adolescentes et adolescents \u00e2g\u00e9s entre 12 et 20 ans et aux femmes adultes qui ont \u00e9t\u00e9 victimes d\u2019agression sexuelle.\u00a0 Pour plus d\u2019information : <a href=\"https:\/\/expressionlibre.ca\/\" target=\"_blank\" rel=\"noopener noreferrer\">https:\/\/expressionlibre.ca\/<\/a><\/p>\n<div dir=\"ltr\">Sur le territoire du RLS de Champlain, nous retrouvons l&rsquo;organisme La Travers\u00e9e qui est un centre de soutien et de psychoth\u00e9rapie pour les victimes d&rsquo;agression sexuelle en Mont\u00e9r\u00e9gie.<\/div>\n<div dir=\"ltr\"><\/div>\n<div dir=\"ltr\">\n<p><a id=\"LPlnk\" title=\"URL d'origine\u00a0: https:\/\/www.latraversee.qc.ca\/. Cliquez ou appuyez si vous faites confiance \u00e0 ce lien.\" href=\"https:\/\/can01.safelinks.protection.outlook.com\/?url=https%3A%2F%2Fwww.latraversee.qc.ca%2F&amp;data=02%7C01%7Ccaroline.robert.cisssmc16%40ssss.gouv.qc.ca%7C8f7a007f232e4499d05208d85b0c17ca%7C06e1fe285f8b4075bf6cae24be1a7992%7C0%7C0%7C637359454793241243&amp;sdata=8auYBc0Bz4zoZEhrjnhGgnIMrtEIPD3SeO2fqGRNBSY%3D&amp;reserved=0\" target=\"_blank\" rel=\"noopener noreferrer\" data-auth=\"Verified\">https:\/\/www.latraversee.qc.ca\/<\/a><\/p>\n<p>Si vous voulez des renseignements suppl\u00e9mentaires sur les organismes de notre territoire, vous pouvez vous adresser aux organisatrices communautaires\u00a0:<\/p>\n<\/div>\n<ul>\n<li>Caroline Soulard au 450 658-7561, poste 2118 (RLS du Haut-Richelieu\u2013Rouville)<\/li>\n<li>Mich\u00e8le Ouimet au 450 462-5120, poste 16156 (RLS de Champlain)<\/li>\n<\/ul>\n<p>&nbsp;<\/p>\n","protected":false},"excerpt":{"rendered":"<p>Le Regroupement qu\u00e9b\u00e9cois des Centres d\u2019aide et de lutte contre les agressions \u00e0 caract\u00e8re sexuel (RQCALACS) et ses membres souligneront le vendredi le 18 septembre 2020, la 39e Journ\u00e9e d\u2019action contre la violence sexuelle faite aux femmes (JACVSFF) en lan\u00e7ant &hellip; <a href=\"https:\/\/santemc.quebec\/icentre\/la-39e-journee-daction-contre-la-violence-sexuelle-faite-aux-femmes-aura-lieu-sous-le-theme-courageuses-de-toutes-facons-a-notre-facon\/\">Continuer la lecture <span class=\"meta-nav\">&rarr;<\/span><\/a><\/p>\n","protected":false},"author":9,"featured_media":0,"comment_status":"open","ping_status":"closed","sticky":false,"template":"","format":"standard","meta":{"footnotes":""},"categories":[1],"tags":[],"_links":{"self":[{"href":"https:\/\/santemc.quebec\/icentre\/wp-json\/wp\/v2\/posts\/189887"}],"collection":[{"href":"https:\/\/santemc.quebec\/icentre\/wp-json\/wp\/v2\/posts"}],"about":[{"href":"https:\/\/santemc.quebec\/icentre\/wp-json\/wp\/v2\/types\/post"}],"author":[{"embeddable":true,"href":"https:\/\/santemc.quebec\/icentre\/wp-json\/wp\/v2\/users\/9"}],"replies":[{"embeddable":true,"href":"https:\/\/santemc.quebec\/icentre\/wp-json\/wp\/v2\/comments?post=189887"}],"version-history":[{"count":9,"href":"https:\/\/santemc.quebec\/icentre\/wp-json\/wp\/v2\/posts\/189887\/revisions"}],"predecessor-version":[{"id":189902,"href":"https:\/\/santemc.quebec\/icentre\/wp-json\/wp\/v2\/posts\/189887\/revisions\/189902"}],"wp:attachment":[{"href":"https:\/\/santemc.quebec\/icentre\/wp-json\/wp\/v2\/media?parent=189887"}],"wp:term":[{"taxonomy":"category","embeddable":true,"href":"https:\/\/santemc.quebec\/icentre\/wp-json\/wp\/v2\/categories?post=189887"},{"taxonomy":"post_tag","embeddable":true,"href":"https:\/\/santemc.quebec\/icentre\/wp-json\/wp\/v2\/tags?post=189887"}],"curies":[{"name":"wp","href":"https:\/\/api.w.org\/{rel}","templated":true}]}}