{"id":189916,"date":"2020-09-17T14:50:35","date_gmt":"2020-09-17T18:50:35","guid":{"rendered":"http:\/\/santemc.quebec\/icentre\/?p=189916"},"modified":"2020-09-17T14:53:29","modified_gmt":"2020-09-17T18:53:29","slug":"la-semaine-nationale-des-droits-des-usagers-du-reseau-de-la-sante-et-des-services-sociaux-du-21-au-27-septembre-2020-un-rendez-vous-a-ne-pas-manquer","status":"publish","type":"post","link":"https:\/\/santemc.quebec\/icentre\/la-semaine-nationale-des-droits-des-usagers-du-reseau-de-la-sante-et-des-services-sociaux-du-21-au-27-septembre-2020-un-rendez-vous-a-ne-pas-manquer\/","title":{"rendered":"La Semaine nationale des droits des usagers du r\u00e9seau de la sant\u00e9 et des services sociaux, du 21 au 27 septembre 2020 : un rendez-vous \u00e0 ne pas manquer!"},"content":{"rendered":"<p><a href=\"https:\/\/santemc.quebec\/santemc\/icentre\/wp-content\/uploads\/2020\/09\/visuel_semaine_droits_usagers.jpg\"><img decoding=\"async\" loading=\"lazy\" class=\"alignleft wp-image-189917\" src=\"https:\/\/santemc.quebec\/santemc\/icentre\/wp-content\/uploads\/2020\/09\/visuel_semaine_droits_usagers-194x300.jpg\" alt=\"\" width=\"180\" height=\"278\" srcset=\"https:\/\/santemc.quebec\/santemc\/icentre\/wp-content\/uploads\/2020\/09\/visuel_semaine_droits_usagers-194x300.jpg 194w, https:\/\/santemc.quebec\/santemc\/icentre\/wp-content\/uploads\/2020\/09\/visuel_semaine_droits_usagers.jpg 425w\" sizes=\"(max-width: 180px) 100vw, 180px\" \/><\/a>La Semaine nationale des droits des usagers du r\u00e9seau de la sant\u00e9 et des services sociaux 2020 a pour th\u00e8me cette ann\u00e9e\u00a0: <strong>le droit d\u2019\u00eatre accompagn\u00e9, assist\u00e9 et d\u2019\u00eatre repr\u00e9sent\u00e9.<\/strong><\/p>\n<p>Le Comit\u00e9 des usagers du Haut-Richelieu\u2013Rouville offrira des conf\u00e9rences virtuelles gratuites \u00e0 tous par le biais de la plateforme Zoom. Les personnes n\u2019ayant pas acc\u00e8s \u00e0 cette technologie pourront tout de m\u00eame y participer par t\u00e9l\u00e9phone.<\/p>\n<p>De plus, des capsules d\u2019information seront publi\u00e9es sur la page Facebook du comit\u00e9 afin d\u2019outiller les usagers lors d\u2019une prochaine exp\u00e9rience au sein de notre \u00e9tablissement.<\/p>\n<p><!--more--><\/p>\n<p>Le comit\u00e9 invite donc la population \u00e0 assister \u00e0 ses quatre conf\u00e9rences virtuelles gratuites.<\/p>\n<p>&nbsp;<\/p>\n<p><strong>Au-del\u00e0 de l\u2019intimidation : admettre la diff\u00e9rence<br \/>\n<\/strong>Animateur : Jasmin Roy, conf\u00e9rencier et com\u00e9dien<br \/>\nDate et heure : <strong>le jeudi 17 septembre 2020, \u00e0 18 h 30 <\/strong><\/p>\n<p><strong>Les \u00e9tapes du deuil en temps de pand\u00e9mie et l\u2019importance de faire ses pr\u00e9arrangements<br \/>\n<\/strong>Animateur : Alain Paradis, directeur g\u00e9n\u00e9ral du Groupe LeSieur et fr\u00e8re<br \/>\nDate et heure : <strong>le lundi 21 septembre 2020, \u00e0 19 h\u00a0 <\/strong><\/p>\n<p><strong>L\u2019accompagnement d\u2019un usager par les proches : leurs droits, privil\u00e8ges et responsabilit\u00e9s<br \/>\n<\/strong>Animateur : Jacques Fortin, enseignant charg\u00e9 de cours \u00e0 l\u2019Universit\u00e9 de Montr\u00e9al<br \/>\nDate et heure: <strong>le mardi 22 septembre 2020, \u00e0 13 h\u00a0 <\/strong><\/p>\n<p><strong>Gestion du stress et sant\u00e9 par la joie de vivre<br \/>\n<\/strong>Animateur : Line Bolduc, conf\u00e9renci\u00e8re et formatrice internationale<br \/>\nDate et heure : <strong>le jeudi 24 septembre 2020, \u00e0 19 h\u00a0 <\/strong><\/p>\n<p>Pour assister \u00e0 l\u2019une ou l\u2019autre des conf\u00e9rences, vous \u00eates invit\u00e9 \u00e0 r\u00e9server votre place sans tarder.<\/p>\n<p><strong>Pour information et r\u00e9servation\u00a0:<br \/>\n<\/strong>T\u00e9l\u00e9phone : 450 358-2578, poste 8958<br \/>\nCourriel\u00a0: <a href=\"mailto:info@comitedesusagers-hrr.com\" target=\"_blank\" rel=\"noopener noreferrer\">info@comitedesusagers-hrr.com<\/a><br \/>\nSite Web :<a href=\"http:\/\/www.comitedesusagers-hrr.com\" target=\"_blank\" rel=\"noopener noreferrer\"> www.comitedesusagers-hrr.com<\/a><\/p>\n<p>De plus, le Comit\u00e9 des usagers du Haut-Richelieu\u2013Rouville invite les usagers \u00e0 assister \u00e0 son assembl\u00e9e g\u00e9n\u00e9rale annuelle qui se tiendra le <strong>mercredi 23 septembre 2020 \u00e0 19 h via la plateforme Zoom. <\/strong>Pour y assister, vous devez r\u00e9server votre place en communiquant avec le comit\u00e9 pour que la documentation li\u00e9e \u00e0 l\u2019assembl\u00e9e g\u00e9n\u00e9rale ainsi que le lien Zoom vous soient envoy\u00e9s le jour de l\u2019\u00e9v\u00e9nement.<\/p>\n<p>Du c\u00f4t\u00e9 de Champlain\u2013Charles-Le Moyne, le Comit\u00e9 des usagers tiendra pour l\u2019occasion un kiosque d\u2019information \u00e0 l\u2019entr\u00e9e de l\u2019H\u00f4pital situ\u00e9e sur la rue Saint-Charles le mardi 22 septembre, de 8 h 30 \u00e0 15 h. Des b\u00e9n\u00e9voles seront sur place pour informer les usagers sur diff\u00e9rents sujets et r\u00e9pondre \u00e0 leurs questions.<\/p>\n<p>Bonne Semaine nationale des droits des usagers \u00e0 tous!<\/p>\n","protected":false},"excerpt":{"rendered":"<p>La Semaine nationale des droits des usagers du r\u00e9seau de la sant\u00e9 et des services sociaux 2020 a pour th\u00e8me cette ann\u00e9e\u00a0: le droit d\u2019\u00eatre accompagn\u00e9, assist\u00e9 et d\u2019\u00eatre repr\u00e9sent\u00e9. Le Comit\u00e9 des usagers du Haut-Richelieu\u2013Rouville offrira des conf\u00e9rences virtuelles &hellip; <a href=\"https:\/\/santemc.quebec\/icentre\/la-semaine-nationale-des-droits-des-usagers-du-reseau-de-la-sante-et-des-services-sociaux-du-21-au-27-septembre-2020-un-rendez-vous-a-ne-pas-manquer\/\">Continuer la lecture <span class=\"meta-nav\">&rarr;<\/span><\/a><\/p>\n","protected":false},"author":9,"featured_media":0,"comment_status":"open","ping_status":"closed","sticky":false,"template":"","format":"standard","meta":{"footnotes":""},"categories":[1],"tags":[],"_links":{"self":[{"href":"https:\/\/santemc.quebec\/icentre\/wp-json\/wp\/v2\/posts\/189916"}],"collection":[{"href":"https:\/\/santemc.quebec\/icentre\/wp-json\/wp\/v2\/posts"}],"about":[{"href":"https:\/\/santemc.quebec\/icentre\/wp-json\/wp\/v2\/types\/post"}],"author":[{"embeddable":true,"href":"https:\/\/santemc.quebec\/icentre\/wp-json\/wp\/v2\/users\/9"}],"replies":[{"embeddable":true,"href":"https:\/\/santemc.quebec\/icentre\/wp-json\/wp\/v2\/comments?post=189916"}],"version-history":[{"count":9,"href":"https:\/\/santemc.quebec\/icentre\/wp-json\/wp\/v2\/posts\/189916\/revisions"}],"predecessor-version":[{"id":189926,"href":"https:\/\/santemc.quebec\/icentre\/wp-json\/wp\/v2\/posts\/189916\/revisions\/189926"}],"wp:attachment":[{"href":"https:\/\/santemc.quebec\/icentre\/wp-json\/wp\/v2\/media?parent=189916"}],"wp:term":[{"taxonomy":"category","embeddable":true,"href":"https:\/\/santemc.quebec\/icentre\/wp-json\/wp\/v2\/categories?post=189916"},{"taxonomy":"post_tag","embeddable":true,"href":"https:\/\/santemc.quebec\/icentre\/wp-json\/wp\/v2\/tags?post=189916"}],"curies":[{"name":"wp","href":"https:\/\/api.w.org\/{rel}","templated":true}]}}