{"id":189950,"date":"2020-09-18T15:57:27","date_gmt":"2020-09-18T19:57:27","guid":{"rendered":"http:\/\/santemc.quebec\/icentre\/?p=189950"},"modified":"2020-09-18T15:58:41","modified_gmt":"2020-09-18T19:58:41","slug":"covid-19-mise-a-jour-de-la-foire-aux-questions-des-employes-4-copy-2","status":"publish","type":"post","link":"https:\/\/santemc.quebec\/icentre\/covid-19-mise-a-jour-de-la-foire-aux-questions-des-employes-4-copy-2\/","title":{"rendered":"COVID-19 : Mise \u00e0 jour de la Foire aux questions des employ\u00e9s"},"content":{"rendered":"<p>Mise \u00e0 jour dans la section \u00ab\u00a0Mesures concernant les enfants\u00a0\u00bb.<\/p>\n<p>Consultez la <a href=\"https:\/\/santemc.quebec\/icentre\/?page_id=185406\" target=\"_blank\" rel=\"noopener noreferrer\">Foire aux questions des employ\u00e9s<\/a>.<\/p>\n","protected":false},"excerpt":{"rendered":"<p>Mise \u00e0 jour dans la section \u00ab\u00a0Mesures concernant les enfants\u00a0\u00bb. Consultez la Foire aux questions des employ\u00e9s.<\/p>\n","protected":false},"author":8,"featured_media":0,"comment_status":"open","ping_status":"closed","sticky":false,"template":"","format":"standard","meta":{"footnotes":""},"categories":[1],"tags":[],"_links":{"self":[{"href":"https:\/\/santemc.quebec\/icentre\/wp-json\/wp\/v2\/posts\/189950"}],"collection":[{"href":"https:\/\/santemc.quebec\/icentre\/wp-json\/wp\/v2\/posts"}],"about":[{"href":"https:\/\/santemc.quebec\/icentre\/wp-json\/wp\/v2\/types\/post"}],"author":[{"embeddable":true,"href":"https:\/\/santemc.quebec\/icentre\/wp-json\/wp\/v2\/users\/8"}],"replies":[{"embeddable":true,"href":"https:\/\/santemc.quebec\/icentre\/wp-json\/wp\/v2\/comments?post=189950"}],"version-history":[{"count":2,"href":"https:\/\/santemc.quebec\/icentre\/wp-json\/wp\/v2\/posts\/189950\/revisions"}],"predecessor-version":[{"id":189952,"href":"https:\/\/santemc.quebec\/icentre\/wp-json\/wp\/v2\/posts\/189950\/revisions\/189952"}],"wp:attachment":[{"href":"https:\/\/santemc.quebec\/icentre\/wp-json\/wp\/v2\/media?parent=189950"}],"wp:term":[{"taxonomy":"category","embeddable":true,"href":"https:\/\/santemc.quebec\/icentre\/wp-json\/wp\/v2\/categories?post=189950"},{"taxonomy":"post_tag","embeddable":true,"href":"https:\/\/santemc.quebec\/icentre\/wp-json\/wp\/v2\/tags?post=189950"}],"curies":[{"name":"wp","href":"https:\/\/api.w.org\/{rel}","templated":true}]}}