{"id":189964,"date":"2020-09-18T16:21:04","date_gmt":"2020-09-18T20:21:04","guid":{"rendered":"http:\/\/santemc.quebec\/icentre\/?p=189964"},"modified":"2020-09-18T16:24:46","modified_gmt":"2020-09-18T20:24:46","slug":"un-portrait-consacre-a-la-commissaire-adjointe-danielle-corbeil-dans-la-revue-perspective-infirmiere","status":"publish","type":"post","link":"https:\/\/santemc.quebec\/icentre\/un-portrait-consacre-a-la-commissaire-adjointe-danielle-corbeil-dans-la-revue-perspective-infirmiere\/","title":{"rendered":"Un portrait consacr\u00e9 \u00e0 la commissaire adjointe Danielle Corbeil dans la revue Perspective infirmi\u00e8re"},"content":{"rendered":"<p>Le num\u00e9ro de septembre-octobre de la revue <em>Perspective infirmi\u00e8re<\/em> aborde une facette particuli\u00e8re du r\u00f4le de Danielle Corbeil, commissaire adjointe aux plaintes et \u00e0 la qualit\u00e9 des services dans notre \u00e9tablissement. Cette derni\u00e8re est en effet l\u2019une des rares infirmi\u00e8res \u00e0 exercer cette fonction. Cela a amen\u00e9 la r\u00e9daction de cette publication \u00e0 s\u2019int\u00e9resser au regard que cette expertise apporte sur son travail. On y d\u00e9couvre que les parall\u00e8les sont nombreux entre les deux professions, dont le savoir-faire et le savoir-\u00eatre repr\u00e9sentent des qualit\u00e9s de premier plan. En plus de suivre le parcours atypique de Mme Corbeil, l\u2019article nous aide \u00e0 mieux comprendre le r\u00f4le de commissaire et sa dynamique au sein de l\u2019organisation.<\/p>\n<p><!--more--><\/p>\n<p>Vous pouvez lire la version compl\u00e8te de l\u2019article\u00a0<i>Danielle Corbeil &#8211; \u00c0 l\u2019\u00e9coute des patients et des familles<\/i>\u00a0en page 16 de la revue <em>Perspective infirmi\u00e8re<\/em> disponible au lien suivant\u00a0<a title=\"URL d'origine\u00a0: https:\/\/www.oiiq.org\/w\/perspective-infirmiere\/PI-vol17-no-4.pdf#page=16. Cliquez ou appuyez si vous faites confiance \u00e0 ce lien.\" href=\"https:\/\/can01.safelinks.protection.outlook.com\/?url=https%3A%2F%2Fwww.oiiq.org%2Fw%2Fperspective-infirmiere%2FPI-vol17-no-4.pdf%23page%3D16&amp;data=02%7C01%7Ccaroline.robert.cisssmc16%40ssss.gouv.qc.ca%7Cb30fe5eecac2411592e008d85c0f56de%7C06e1fe285f8b4075bf6cae24be1a7992%7C0%7C0%7C637360568230258903&amp;sdata=rENSLoLybU1ksKu%2Fi%2BaMXQdg4%2FvDbI2b%2FTD0Rt7u218%3D&amp;reserved=0\" target=\"_blank\" rel=\"noopener noreferrer\" data-auth=\"Verified\">https:\/\/www.oiiq.org\/w\/perspective-infirmiere\/PI-vol17-no-4.pdf#page=16<\/a><\/p>\n","protected":false},"excerpt":{"rendered":"<p>Le num\u00e9ro de septembre-octobre de la revue Perspective infirmi\u00e8re aborde une facette particuli\u00e8re du r\u00f4le de Danielle Corbeil, commissaire adjointe aux plaintes et \u00e0 la qualit\u00e9 des services dans notre \u00e9tablissement. Cette derni\u00e8re est en effet l\u2019une des rares infirmi\u00e8res &hellip; <a href=\"https:\/\/santemc.quebec\/icentre\/un-portrait-consacre-a-la-commissaire-adjointe-danielle-corbeil-dans-la-revue-perspective-infirmiere\/\">Continuer la lecture <span class=\"meta-nav\">&rarr;<\/span><\/a><\/p>\n","protected":false},"author":9,"featured_media":0,"comment_status":"open","ping_status":"closed","sticky":false,"template":"","format":"standard","meta":{"footnotes":""},"categories":[1],"tags":[],"_links":{"self":[{"href":"https:\/\/santemc.quebec\/icentre\/wp-json\/wp\/v2\/posts\/189964"}],"collection":[{"href":"https:\/\/santemc.quebec\/icentre\/wp-json\/wp\/v2\/posts"}],"about":[{"href":"https:\/\/santemc.quebec\/icentre\/wp-json\/wp\/v2\/types\/post"}],"author":[{"embeddable":true,"href":"https:\/\/santemc.quebec\/icentre\/wp-json\/wp\/v2\/users\/9"}],"replies":[{"embeddable":true,"href":"https:\/\/santemc.quebec\/icentre\/wp-json\/wp\/v2\/comments?post=189964"}],"version-history":[{"count":2,"href":"https:\/\/santemc.quebec\/icentre\/wp-json\/wp\/v2\/posts\/189964\/revisions"}],"predecessor-version":[{"id":189967,"href":"https:\/\/santemc.quebec\/icentre\/wp-json\/wp\/v2\/posts\/189964\/revisions\/189967"}],"wp:attachment":[{"href":"https:\/\/santemc.quebec\/icentre\/wp-json\/wp\/v2\/media?parent=189964"}],"wp:term":[{"taxonomy":"category","embeddable":true,"href":"https:\/\/santemc.quebec\/icentre\/wp-json\/wp\/v2\/categories?post=189964"},{"taxonomy":"post_tag","embeddable":true,"href":"https:\/\/santemc.quebec\/icentre\/wp-json\/wp\/v2\/tags?post=189964"}],"curies":[{"name":"wp","href":"https:\/\/api.w.org\/{rel}","templated":true}]}}