{"id":190010,"date":"2020-09-25T08:33:43","date_gmt":"2020-09-25T12:33:43","guid":{"rendered":"http:\/\/santemc.quebec\/icentre\/?p=190010"},"modified":"2020-09-25T08:21:47","modified_gmt":"2020-09-25T12:21:47","slug":"formation-pab-la-releve-fait-son-entree-dans-nos-chsld","status":"publish","type":"post","link":"https:\/\/santemc.quebec\/icentre\/formation-pab-la-releve-fait-son-entree-dans-nos-chsld\/","title":{"rendered":"Formation PAB : la rel\u00e8ve fait son entr\u00e9e dans nos CHSLD!"},"content":{"rendered":"<p><a href=\"https:\/\/santemc.quebec\/santemc\/icentre\/wp-content\/uploads\/2020\/09\/Visuel_felicitationsPAB.jpg\"><img decoding=\"async\" loading=\"lazy\" class=\"size-medium wp-image-190011 alignleft\" src=\"https:\/\/santemc.quebec\/santemc\/icentre\/wp-content\/uploads\/2020\/09\/Visuel_felicitationsPAB-300x300.jpg\" alt=\"\" width=\"300\" height=\"300\" srcset=\"https:\/\/santemc.quebec\/santemc\/icentre\/wp-content\/uploads\/2020\/09\/Visuel_felicitationsPAB-300x300.jpg 300w, https:\/\/santemc.quebec\/santemc\/icentre\/wp-content\/uploads\/2020\/09\/Visuel_felicitationsPAB-150x150.jpg 150w, https:\/\/santemc.quebec\/santemc\/icentre\/wp-content\/uploads\/2020\/09\/Visuel_felicitationsPAB-768x768.jpg 768w, https:\/\/santemc.quebec\/santemc\/icentre\/wp-content\/uploads\/2020\/09\/Visuel_felicitationsPAB.jpg 864w\" sizes=\"(max-width: 300px) 100vw, 300px\" \/><\/a><\/p>\n<p class=\"x_xmsonormal\">Cette semaine marque une \u00e9tape importante pour environ 370 \u00e9tudiants\u00a0qui viennent de compl\u00e9ter le programme de formation\u00a0<em>Soutien aux soins d\u2019assistance en \u00e9tablissement de sant\u00e9<\/em>. Il s\u2019agit en effet de leur premi\u00e8re semaine de travail en tant que pr\u00e9pos\u00e9 aux b\u00e9n\u00e9ficiaires (PAB) au CISSS de la Mont\u00e9r\u00e9gie-Centre. Leur entr\u00e9e en fonction est le fruit de tous les efforts d\u00e9ploy\u00e9s depuis le mois de juin, depuis qu\u2019ils ont plong\u00e9 t\u00eate premi\u00e8re dans une formation intensive de trois mois pour apprendre un nouveau m\u00e9tier.<!--more--><\/p>\n<p>Apr\u00e8s avoir suivi leurs cours th\u00e9oriques dans l\u2019une des \u00e9coles professionnelles de la r\u00e9gion, les \u00e9tudiants ont poursuivi leurs apprentissages dans l\u2019un de nos 8 CHSLD. \u00c0 travers leur parcours de formation, les \u00e9tudiants ont d\u00e9velopp\u00e9 leurs aptitudes et leurs comp\u00e9tences pour la relation d\u2019aide, le sens de l\u2019organisation et des responsabilit\u00e9s. Gr\u00e2ce \u00e0 leur formation sur le terrain, ils ont pu recevoir de judicieux conseils de la part de pr\u00e9pos\u00e9s aux b\u00e9n\u00e9ficiaires d\u2019exp\u00e9rience, mais aussi d\u2019infirmi\u00e8res, d\u2019infirmi\u00e8res auxiliaires et de gestionnaires.<\/p>\n<p>Le CISSS de la Mont\u00e9r\u00e9gie-Centre tient \u00e0 souligner l\u2019accomplissement de ces femmes et ces hommes qui se sont investis tout au long de leur formation et qui peuvent aujourd\u2019hui dire fi\u00e8rement \u00ab mission accomplie \u00bb! La grande \u00e9quipe des CHLSD les f\u00e9licite d\u2019ailleurs chaleureusement pour l\u2019obtention de leur dipl\u00f4me et leur souhaite la bienvenue en tant que nouveaux PAB!<\/p>\n<p><strong>Merci \u00e0 toutes les \u00e9quipes qui ont soutenu les \u00e9tudiants<\/strong><b><br \/>\n<\/b>Le d\u00e9fi lanc\u00e9 en juin \u00e9tait de taille\u00a0: former des centaines d\u2019\u00e9tudiants en trois mois pour ensuite les int\u00e9grer aux \u00e9quipes des CHSLD en tant que PAB. Si ce d\u00e9fi a \u00e9t\u00e9 relev\u00e9 avec brio, c\u2019est gr\u00e2ce \u00e0 un travail d\u2019\u00e9quipe digne de mention.<\/p>\n<p>R\u00e9partis dans les 8 CHSLD du CISSSMC, ils sont 35 PAB coach et 285 PAB formateurs \u00e0 avoir travaill\u00e9 intensivement depuis le mois de juillet pour s\u2019assurer que chaque \u00e9tudiant soit en mesure de r\u00e9ussir sa formation. Au cours des derni\u00e8res semaines, ces pr\u00e9pos\u00e9s aux b\u00e9n\u00e9ficiaires ont fait preuve d\u2019un grand professionnalisme et d\u2019une grande g\u00e9n\u00e9rosit\u00e9 en partageant leur expertise et leur passion pour leur m\u00e9tier aux aspirants PAB.En plus des PAB coach et des PAB formateurs, il faut souligner l\u2019apport des infirmi\u00e8res, infirmi\u00e8res auxiliaires et gestionnaires des CHSLD dans cette vaste op\u00e9ration de formation de la rel\u00e8ve. En accueillant avec bienveillance les nouveaux venus, tous les employ\u00e9s des CHSLD ont contribu\u00e9 au succ\u00e8s de cet important projet.<\/p>\n<p>En terminant, ce projet n\u2019aurait pas pu se concr\u00e9tiser sans la participation des \u00e9quipes de la DRHCAJ, en collaboration avec la Direction SAPA et les autres directions cliniques, qui ont effectu\u00e9 un sprint olympique de 865 entrevues en sept jours intensifs au d\u00e9but du mois de juin pour s\u00e9lectionner les candidats qui allaient participer \u00e0 la formation de PAB.<\/p>\n","protected":false},"excerpt":{"rendered":"<p>Cette semaine marque une \u00e9tape importante pour environ 370 \u00e9tudiants\u00a0qui viennent de compl\u00e9ter le programme de formation\u00a0Soutien aux soins d\u2019assistance en \u00e9tablissement de sant\u00e9. Il s\u2019agit en effet de leur premi\u00e8re semaine de travail en tant que pr\u00e9pos\u00e9 aux b\u00e9n\u00e9ficiaires &hellip; <a href=\"https:\/\/santemc.quebec\/icentre\/formation-pab-la-releve-fait-son-entree-dans-nos-chsld\/\">Continuer la lecture <span class=\"meta-nav\">&rarr;<\/span><\/a><\/p>\n","protected":false},"author":9,"featured_media":0,"comment_status":"open","ping_status":"closed","sticky":false,"template":"","format":"standard","meta":{"footnotes":""},"categories":[1],"tags":[],"_links":{"self":[{"href":"https:\/\/santemc.quebec\/icentre\/wp-json\/wp\/v2\/posts\/190010"}],"collection":[{"href":"https:\/\/santemc.quebec\/icentre\/wp-json\/wp\/v2\/posts"}],"about":[{"href":"https:\/\/santemc.quebec\/icentre\/wp-json\/wp\/v2\/types\/post"}],"author":[{"embeddable":true,"href":"https:\/\/santemc.quebec\/icentre\/wp-json\/wp\/v2\/users\/9"}],"replies":[{"embeddable":true,"href":"https:\/\/santemc.quebec\/icentre\/wp-json\/wp\/v2\/comments?post=190010"}],"version-history":[{"count":3,"href":"https:\/\/santemc.quebec\/icentre\/wp-json\/wp\/v2\/posts\/190010\/revisions"}],"predecessor-version":[{"id":190070,"href":"https:\/\/santemc.quebec\/icentre\/wp-json\/wp\/v2\/posts\/190010\/revisions\/190070"}],"wp:attachment":[{"href":"https:\/\/santemc.quebec\/icentre\/wp-json\/wp\/v2\/media?parent=190010"}],"wp:term":[{"taxonomy":"category","embeddable":true,"href":"https:\/\/santemc.quebec\/icentre\/wp-json\/wp\/v2\/categories?post=190010"},{"taxonomy":"post_tag","embeddable":true,"href":"https:\/\/santemc.quebec\/icentre\/wp-json\/wp\/v2\/tags?post=190010"}],"curies":[{"name":"wp","href":"https:\/\/api.w.org\/{rel}","templated":true}]}}