{"id":190105,"date":"2020-09-25T16:16:56","date_gmt":"2020-09-25T20:16:56","guid":{"rendered":"http:\/\/santemc.quebec\/icentre\/?p=190105"},"modified":"2020-09-25T16:32:54","modified_gmt":"2020-09-25T20:32:54","slug":"covid-19-mise-a-jour-de-la-foire-aux-questions-des-employes-4-copy-2-copy","status":"publish","type":"post","link":"https:\/\/santemc.quebec\/icentre\/covid-19-mise-a-jour-de-la-foire-aux-questions-des-employes-4-copy-2-copy\/","title":{"rendered":"COVID-19 : Mise \u00e0 jour de la Foire aux questions des employ\u00e9s"},"content":{"rendered":"<p>Mises \u00e0 jour dans les sections suivantes :<\/p>\n<ul>\n<li>Test d\u00e9pistage, isolation et retour au travail<\/li>\n<li>Cong\u00e9s f\u00e9ri\u00e9s et autres types de cong\u00e9s<\/li>\n<li>Mesures incitatives favorisant la pr\u00e9sence au travail \u00e0 temps complet<\/li>\n<li>\u00c9quipement<\/li>\n<li>Hygi\u00e8ne et salubrit\u00e9<\/li>\n<\/ul>\n<p>Consultez la <a href=\"https:\/\/santemc.quebec\/icentre\/?page_id=185406\" target=\"_blank\" rel=\"noopener noreferrer\">Foire aux questions des employ\u00e9s<\/a>.<\/p>\n","protected":false},"excerpt":{"rendered":"<p>Mises \u00e0 jour dans les sections suivantes : Test d\u00e9pistage, isolation et retour au travail Cong\u00e9s f\u00e9ri\u00e9s et autres types de cong\u00e9s Mesures incitatives favorisant la pr\u00e9sence au travail \u00e0 temps complet \u00c9quipement Hygi\u00e8ne et salubrit\u00e9 Consultez la Foire aux &hellip; <a href=\"https:\/\/santemc.quebec\/icentre\/covid-19-mise-a-jour-de-la-foire-aux-questions-des-employes-4-copy-2-copy\/\">Continuer la lecture <span class=\"meta-nav\">&rarr;<\/span><\/a><\/p>\n","protected":false},"author":8,"featured_media":0,"comment_status":"open","ping_status":"closed","sticky":false,"template":"","format":"standard","meta":{"footnotes":""},"categories":[1],"tags":[],"_links":{"self":[{"href":"https:\/\/santemc.quebec\/icentre\/wp-json\/wp\/v2\/posts\/190105"}],"collection":[{"href":"https:\/\/santemc.quebec\/icentre\/wp-json\/wp\/v2\/posts"}],"about":[{"href":"https:\/\/santemc.quebec\/icentre\/wp-json\/wp\/v2\/types\/post"}],"author":[{"embeddable":true,"href":"https:\/\/santemc.quebec\/icentre\/wp-json\/wp\/v2\/users\/8"}],"replies":[{"embeddable":true,"href":"https:\/\/santemc.quebec\/icentre\/wp-json\/wp\/v2\/comments?post=190105"}],"version-history":[{"count":5,"href":"https:\/\/santemc.quebec\/icentre\/wp-json\/wp\/v2\/posts\/190105\/revisions"}],"predecessor-version":[{"id":190110,"href":"https:\/\/santemc.quebec\/icentre\/wp-json\/wp\/v2\/posts\/190105\/revisions\/190110"}],"wp:attachment":[{"href":"https:\/\/santemc.quebec\/icentre\/wp-json\/wp\/v2\/media?parent=190105"}],"wp:term":[{"taxonomy":"category","embeddable":true,"href":"https:\/\/santemc.quebec\/icentre\/wp-json\/wp\/v2\/categories?post=190105"},{"taxonomy":"post_tag","embeddable":true,"href":"https:\/\/santemc.quebec\/icentre\/wp-json\/wp\/v2\/tags?post=190105"}],"curies":[{"name":"wp","href":"https:\/\/api.w.org\/{rel}","templated":true}]}}