{"id":190340,"date":"2020-10-01T19:52:53","date_gmt":"2020-10-01T23:52:53","guid":{"rendered":"http:\/\/santemc.quebec\/icentre\/?p=190340"},"modified":"2020-10-01T19:52:53","modified_gmt":"2020-10-01T23:52:53","slug":"soulignons-la-journee-internationale-des-personnes-agees","status":"publish","type":"post","link":"https:\/\/santemc.quebec\/icentre\/soulignons-la-journee-internationale-des-personnes-agees\/","title":{"rendered":"Soulignons la journ\u00e9e internationale des personnes \u00e2g\u00e9es"},"content":{"rendered":"<p>Aujourd\u2019hui, nous c\u00e9l\u00e9brons \u00e0 travers le monde la Journ\u00e9e des personnes \u00e2g\u00e9es proclam\u00e9e il y a 30 ans par les Nations unies. Au Qu\u00e9bec, un cinqui\u00e8me de la population entre dans cette cat\u00e9gorie constitu\u00e9e des 65 ans et plus. L\u2019\u00e9v\u00e9nement est l\u2019occasion tout indiqu\u00e9e de reconnaitre la place essentielle qu\u2019ils occupent dans notre soci\u00e9t\u00e9.<!--more--><\/p>\n<p>Cette journ\u00e9e th\u00e9matique s\u2019inscrit cette ann\u00e9e sous le th\u00e8me \u00abLes ain\u00e9s, moteur de nos communaut\u00e9s\u00bb. Les personnes \u00e2g\u00e9es contribuent \u00e0 la vitalit\u00e9 de nos communaut\u00e9s par leurs valeurs, leur exp\u00e9rience et leur engagement \u00e0 diff\u00e9rents niveaux.<\/p>\n<p>Qu\u2019il s\u2019agisse d\u2019usagers, de r\u00e9sidents, d\u2019un parent ou un proche, il est important de leur exprimer notre gratitude et de leur t\u00e9moigner notre appui, particuli\u00e8rement en cette p\u00e9riode difficile de pand\u00e9mie.<\/p>\n<p>En cet anniversaire, rendons hommage \u00e0 tous nos b\u00e2tisseurs en leur disant merci!<\/p>\n","protected":false},"excerpt":{"rendered":"<p>Aujourd\u2019hui, nous c\u00e9l\u00e9brons \u00e0 travers le monde la Journ\u00e9e des personnes \u00e2g\u00e9es proclam\u00e9e il y a 30 ans par les Nations unies. Au Qu\u00e9bec, un cinqui\u00e8me de la population entre dans cette cat\u00e9gorie constitu\u00e9e des 65 ans et plus. L\u2019\u00e9v\u00e9nement &hellip; <a href=\"https:\/\/santemc.quebec\/icentre\/soulignons-la-journee-internationale-des-personnes-agees\/\">Continuer la lecture <span class=\"meta-nav\">&rarr;<\/span><\/a><\/p>\n","protected":false},"author":1,"featured_media":0,"comment_status":"open","ping_status":"closed","sticky":false,"template":"","format":"standard","meta":{"footnotes":""},"categories":[1],"tags":[],"_links":{"self":[{"href":"https:\/\/santemc.quebec\/icentre\/wp-json\/wp\/v2\/posts\/190340"}],"collection":[{"href":"https:\/\/santemc.quebec\/icentre\/wp-json\/wp\/v2\/posts"}],"about":[{"href":"https:\/\/santemc.quebec\/icentre\/wp-json\/wp\/v2\/types\/post"}],"author":[{"embeddable":true,"href":"https:\/\/santemc.quebec\/icentre\/wp-json\/wp\/v2\/users\/1"}],"replies":[{"embeddable":true,"href":"https:\/\/santemc.quebec\/icentre\/wp-json\/wp\/v2\/comments?post=190340"}],"version-history":[{"count":1,"href":"https:\/\/santemc.quebec\/icentre\/wp-json\/wp\/v2\/posts\/190340\/revisions"}],"predecessor-version":[{"id":190341,"href":"https:\/\/santemc.quebec\/icentre\/wp-json\/wp\/v2\/posts\/190340\/revisions\/190341"}],"wp:attachment":[{"href":"https:\/\/santemc.quebec\/icentre\/wp-json\/wp\/v2\/media?parent=190340"}],"wp:term":[{"taxonomy":"category","embeddable":true,"href":"https:\/\/santemc.quebec\/icentre\/wp-json\/wp\/v2\/categories?post=190340"},{"taxonomy":"post_tag","embeddable":true,"href":"https:\/\/santemc.quebec\/icentre\/wp-json\/wp\/v2\/tags?post=190340"}],"curies":[{"name":"wp","href":"https:\/\/api.w.org\/{rel}","templated":true}]}}