{"id":190445,"date":"2020-10-05T08:32:54","date_gmt":"2020-10-05T12:32:54","guid":{"rendered":"http:\/\/santemc.quebec\/icentre\/?p=190445"},"modified":"2020-10-05T15:05:28","modified_gmt":"2020-10-05T19:05:28","slug":"campagne-entraide-entrez-dans-la-danse-en-ligne","status":"publish","type":"post","link":"https:\/\/santemc.quebec\/icentre\/campagne-entraide-entrez-dans-la-danse-en-ligne\/","title":{"rendered":"Campagne Entraide : entrez dans la danse\u2026 en ligne!"},"content":{"rendered":"<p><a href=\"https:\/\/santemc.quebec\/santemc\/icentre\/wp-content\/uploads\/2017\/10\/fleur.jpg\"><img decoding=\"async\" loading=\"lazy\" class=\" wp-image-5583 alignleft\" src=\"https:\/\/santemc.quebec\/santemc\/icentre\/wp-content\/uploads\/2017\/10\/fleur-224x300.jpg\" alt=\"\" width=\"191\" height=\"253\" \/><\/a>Le moment est venu de relancer la campagne annuelle d\u2019Entraide de notre CISSS, qui se d\u00e9roulera du 5 au 26 octobre. Comme directrice des ressources financi\u00e8res et \u00e0 titre de pr\u00e9sidente, je suis heureuse de m\u2019impliquer \u00e0 nouveau dans ce mouvement de g\u00e9n\u00e9rosit\u00e9. Nouveaut\u00e9 majeure pour 2020, le formulaire de participation est maintenant en ligne. Gr\u00e2ce \u00e0 la plateforme <em>Donna<\/em>, vous pourrez faire votre don en ligne et ainsi <em>entrer dans la danse\u2026 en ligne<\/em>!<\/p>\n<p><!--more--><\/p>\n<p>Je sollicite donc votre g\u00e9n\u00e9rosit\u00e9 encore une fois afin de soutenir cette vaste mobilisation pour des gens, jeunes et moins jeunes, qui sont dans le besoin. Peu importe le montant de votre don, celui-ci a le pouvoir de g\u00e9n\u00e9rer de grandes choses. Il peut m\u00eame sauver des vies!<\/p>\n<p><strong>Donner \u00e0 l\u2019organisme de votre choix<br \/>\n<\/strong>Rappelons que la campagne d\u2019Entraide se d\u00e9roule au profit des\u00a0<strong>18 <\/strong><a href=\"http:\/\/www.entraide.gouv.qc.ca\/dons\/centraides.asp\"><strong>Centraide du Qu\u00e9bec<\/strong><\/a>, des <strong>16 organismes <\/strong><a href=\"http:\/\/www.entraide.gouv.qc.ca\/dons\/partenairesante.asp\"><strong>PartenaireSant\u00e9-Qu\u00e9bec<\/strong><\/a> ainsi que de la\u00a0<a href=\"http:\/\/www.entraide.gouv.qc.ca\/dons\/croix-rouge.asp\"><strong>Croix-Rouge canadienne, Qu\u00e9bec<\/strong><\/a>. Vous pouvez faire un don \u00e0 l\u2019organisme de votre choix.<\/p>\n<p>Les 18 <strong>Centraide<\/strong> de la province investissent l\u00e0 o\u00f9 les besoins sont les plus pressants pour :<\/p>\n<ul>\n<li>soutenir la r\u00e9ussite des jeunes;<\/li>\n<li>assurer l&rsquo;essentiel;<\/li>\n<li>briser l&rsquo;isolement social;<\/li>\n<li>b\u00e2tir des milieux de vie rassembleurs.<\/li>\n<\/ul>\n<p>Les 16 organismes <strong>PartenaireSant\u00e9-Qu\u00e9bec<\/strong> contribuent \u00e0 am\u00e9liorer la qualit\u00e9 de vie des personnes par le biais de programmes et services personnalis\u00e9s. De plus, ils sensibilisent la population aux maladies \u00e9vitables en faisant de la pr\u00e9vention et en encourageant un mode de vie sain.<\/p>\n<p>Les dons effectu\u00e9s \u00e0 la <strong>Croix-Rouge canadienne, Qu\u00e9bec<\/strong> permettent quant \u00e0 eux d\u2019offrir l\u2019essentiel\u00a0\u00e0 ceux et celles dont la vie bascule subitement : un toit, de la nourriture, des v\u00eatements neufs, une oreille attentive.<\/p>\n<p><strong>Donner en ligne, en toute s\u00e9curit\u00e9<br \/>\n<\/strong>Vous avez l\u2019intention de participer \u00e0 cette grande cha\u00eene de g\u00e9n\u00e9rosit\u00e9? Vous avez <strong>jusqu\u2019au 26 octobre <\/strong>pour faire votre don \u00e0<br \/>\n<a href=\"https:\/\/dons.entraide.gouv.qc.ca\/campagne_dentraide-1\" target=\"_blank\" rel=\"noopener noreferrer\">https:\/\/dons.entraide.gouv.qc.ca\/campagne_dentraide-1<\/a><\/p>\n<p>Cliquer ensuite sur l\u2019option Faire un don, en haut \u00e0 droite.<\/p>\n<p>Un merci des plus sinc\u00e8res.<br \/>\nDenise B\u00e9dard, directrice des ressources financi\u00e8res<\/p>\n<div style=\"background-color: #48c9b0; padding: 10px;\">\n<p>En 2019, gr\u00e2ce aux dons de la communaut\u00e9 cissienne, nous avons amass\u00e9 tout pr\u00e8s de 6000 $.<\/p>\n<p>En 2019, la campagne Entraide, pour la province du Qu\u00e9bec, ce sont\u00a0:<\/p>\n<ul>\n<li>plus de 40\u00a0000 donateurs;<\/li>\n<li>pr\u00e8s de 50 000 dons;<\/li>\n<li>plus de 6,5 millions de dollars remis \u00e0 plus de 30\u00a0organismes philanthropiques b\u00e9n\u00e9ficiaires.<\/li>\n<\/ul>\n<p><strong>Impressionnant!<\/strong><\/p>\n<\/div>\n","protected":false},"excerpt":{"rendered":"<p>Le moment est venu de relancer la campagne annuelle d\u2019Entraide de notre CISSS, qui se d\u00e9roulera du 5 au 26 octobre. Comme directrice des ressources financi\u00e8res et \u00e0 titre de pr\u00e9sidente, je suis heureuse de m\u2019impliquer \u00e0 nouveau dans ce &hellip; <a href=\"https:\/\/santemc.quebec\/icentre\/campagne-entraide-entrez-dans-la-danse-en-ligne\/\">Continuer la lecture <span class=\"meta-nav\">&rarr;<\/span><\/a><\/p>\n","protected":false},"author":9,"featured_media":0,"comment_status":"open","ping_status":"closed","sticky":false,"template":"","format":"standard","meta":{"footnotes":""},"categories":[1],"tags":[],"_links":{"self":[{"href":"https:\/\/santemc.quebec\/icentre\/wp-json\/wp\/v2\/posts\/190445"}],"collection":[{"href":"https:\/\/santemc.quebec\/icentre\/wp-json\/wp\/v2\/posts"}],"about":[{"href":"https:\/\/santemc.quebec\/icentre\/wp-json\/wp\/v2\/types\/post"}],"author":[{"embeddable":true,"href":"https:\/\/santemc.quebec\/icentre\/wp-json\/wp\/v2\/users\/9"}],"replies":[{"embeddable":true,"href":"https:\/\/santemc.quebec\/icentre\/wp-json\/wp\/v2\/comments?post=190445"}],"version-history":[{"count":2,"href":"https:\/\/santemc.quebec\/icentre\/wp-json\/wp\/v2\/posts\/190445\/revisions"}],"predecessor-version":[{"id":190447,"href":"https:\/\/santemc.quebec\/icentre\/wp-json\/wp\/v2\/posts\/190445\/revisions\/190447"}],"wp:attachment":[{"href":"https:\/\/santemc.quebec\/icentre\/wp-json\/wp\/v2\/media?parent=190445"}],"wp:term":[{"taxonomy":"category","embeddable":true,"href":"https:\/\/santemc.quebec\/icentre\/wp-json\/wp\/v2\/categories?post=190445"},{"taxonomy":"post_tag","embeddable":true,"href":"https:\/\/santemc.quebec\/icentre\/wp-json\/wp\/v2\/tags?post=190445"}],"curies":[{"name":"wp","href":"https:\/\/api.w.org\/{rel}","templated":true}]}}