{"id":190470,"date":"2020-10-05T15:40:48","date_gmt":"2020-10-05T19:40:48","guid":{"rendered":"http:\/\/santemc.quebec\/icentre\/?p=190470"},"modified":"2020-10-05T15:40:48","modified_gmt":"2020-10-05T19:40:48","slug":"covid-19-port-du-masque-de-procedure-par-les-usagers-durant-une-prestation-de-soins-sur-une-periode-prolongee","status":"publish","type":"post","link":"https:\/\/santemc.quebec\/icentre\/covid-19-port-du-masque-de-procedure-par-les-usagers-durant-une-prestation-de-soins-sur-une-periode-prolongee\/","title":{"rendered":"COVID-19 : Port du masque de proc\u00e9dure par les usagers durant une prestation de soins sur une p\u00e9riode prolong\u00e9e"},"content":{"rendered":"<p><a href=\"https:\/\/santemc.quebec\/santemc\/icentre\/wp-content\/uploads\/2020\/10\/2020-10-05_NS_Port-masque-soins-prolonges.pdf\" target=\"_blank\" rel=\"noopener noreferrer\">Lire le communiqu\u00e9 interne<\/a><\/p>\n","protected":false},"excerpt":{"rendered":"<p>Lire le communiqu\u00e9 interne<\/p>\n","protected":false},"author":1,"featured_media":0,"comment_status":"open","ping_status":"closed","sticky":false,"template":"","format":"standard","meta":{"footnotes":""},"categories":[1],"tags":[],"_links":{"self":[{"href":"https:\/\/santemc.quebec\/icentre\/wp-json\/wp\/v2\/posts\/190470"}],"collection":[{"href":"https:\/\/santemc.quebec\/icentre\/wp-json\/wp\/v2\/posts"}],"about":[{"href":"https:\/\/santemc.quebec\/icentre\/wp-json\/wp\/v2\/types\/post"}],"author":[{"embeddable":true,"href":"https:\/\/santemc.quebec\/icentre\/wp-json\/wp\/v2\/users\/1"}],"replies":[{"embeddable":true,"href":"https:\/\/santemc.quebec\/icentre\/wp-json\/wp\/v2\/comments?post=190470"}],"version-history":[{"count":1,"href":"https:\/\/santemc.quebec\/icentre\/wp-json\/wp\/v2\/posts\/190470\/revisions"}],"predecessor-version":[{"id":190472,"href":"https:\/\/santemc.quebec\/icentre\/wp-json\/wp\/v2\/posts\/190470\/revisions\/190472"}],"wp:attachment":[{"href":"https:\/\/santemc.quebec\/icentre\/wp-json\/wp\/v2\/media?parent=190470"}],"wp:term":[{"taxonomy":"category","embeddable":true,"href":"https:\/\/santemc.quebec\/icentre\/wp-json\/wp\/v2\/categories?post=190470"},{"taxonomy":"post_tag","embeddable":true,"href":"https:\/\/santemc.quebec\/icentre\/wp-json\/wp\/v2\/tags?post=190470"}],"curies":[{"name":"wp","href":"https:\/\/api.w.org\/{rel}","templated":true}]}}