{"id":190477,"date":"2020-10-05T16:18:18","date_gmt":"2020-10-05T20:18:18","guid":{"rendered":"http:\/\/santemc.quebec\/icentre\/?p=190477"},"modified":"2020-10-05T16:22:19","modified_gmt":"2020-10-05T20:22:19","slug":"formation-pab-de-nouvelles-places-disponibles-pour-un-3e-groupe","status":"publish","type":"post","link":"https:\/\/santemc.quebec\/icentre\/formation-pab-de-nouvelles-places-disponibles-pour-un-3e-groupe\/","title":{"rendered":"Formation PAB : de nouvelles places disponibles pour un 3e groupe!"},"content":{"rendered":"<p>Bonne nouvelle! Nous avons obtenu l\u2019aval du MSSS pour ouvrir les inscriptions pour un 3<sup>e<\/sup> groupe de la 2<sup>e<\/sup> phase de la formation PAB. La date limite pour soumettre votre candidature est le <strong>9 octobre<\/strong>. Les cours de ce nouveau groupe d\u00e9buteront le 19 ou le 26 octobre, selon la commission scolaire.<\/p>\n<p><!--more--><\/p>\n<p><strong>Qu\u2019est-ce que la formation PAB?<br \/>\n<\/strong>Il s\u2019agit d\u2019une formation intensive, pay\u00e9e, de 3 mois menant \u00e0 une attestation d\u2019\u00e9tudes professionnelles (AEP) en soutien aux soins d\u2019assistance en \u00e9tablissement de sant\u00e9. Cette formation a \u00e9t\u00e9 instaur\u00e9e par le gouvernement en juin dernier. Elle m\u00e8ne \u00e0 l\u2019exercice du m\u00e9tier de pr\u00e9pos\u00e9 aux b\u00e9n\u00e9ficiaires en CHSLD.<\/p>\n<p><strong>Comment se d\u00e9roule la formation?<br \/>\n<\/strong>Cette formation acc\u00e9l\u00e9r\u00e9e se d\u00e9roule sur 12 semaines et est compos\u00e9e de deux volets\u00a0: 120 heures de formation en classe dans une \u00e9cole professionnelle et 255 heures de formation sur le terrain dans l\u2019un de nos CHSLD.<\/p>\n<p>Sur notre territoire, les \u00e9coles professionnelles qui donnent la formation sont le Centre de formation professionnelle Charlotte-Tass\u00e9 \u00e0 Longueuil, l\u2019\u00e9cole professionnelle des m\u00e9tiers \u00e0 Saint-Jean-sur-Richelieu et l\u2019ACCESS Career Training Centre \u00e0 Saint-Lambert.<\/p>\n<p>La formation sera offerte de jour et de soir, et se d\u00e9roulera du 19 octobre 2020 au 12 janvier 2021 avec la Commission scolaire Marie-Victorin, et du 26 octobre 2020 au 25 janvier 2021 avec la Commission scolaire des Hautes-Rivi\u00e8res.<\/p>\n<p><strong>Comment peut-on soumettre une candidature?<br \/>\n<\/strong>Pour faire partie du nouveau groupe de formation pour devenir PAB, vous devez d\u2019abord soumettre votre candidature <strong>avant le vendredi 9 octobre, 16 h<\/strong> en remplissant le <a href=\"https:\/\/santemc.quebec\/icentre\/?page_id=189424\" target=\"_blank\" rel=\"noopener noreferrer\">formulaire en ligne disponible ici<\/a>. Vous devez joindre une version \u00e0 jour de votre curriculum vitae ainsi qu\u2019une lettre de motivation expliquant pourquoi vous souhaitez suivre la formation. Une fois votre candidature envoy\u00e9e, vous serez convoqu\u00e9 \u00e0 une entrevue virtuelle.<\/p>\n","protected":false},"excerpt":{"rendered":"<p>Bonne nouvelle! Nous avons obtenu l\u2019aval du MSSS pour ouvrir les inscriptions pour un 3e groupe de la 2e phase de la formation PAB. La date limite pour soumettre votre candidature est le 9 octobre. Les cours de ce nouveau &hellip; <a href=\"https:\/\/santemc.quebec\/icentre\/formation-pab-de-nouvelles-places-disponibles-pour-un-3e-groupe\/\">Continuer la lecture <span class=\"meta-nav\">&rarr;<\/span><\/a><\/p>\n","protected":false},"author":9,"featured_media":0,"comment_status":"open","ping_status":"closed","sticky":false,"template":"","format":"standard","meta":{"footnotes":""},"categories":[1],"tags":[],"_links":{"self":[{"href":"https:\/\/santemc.quebec\/icentre\/wp-json\/wp\/v2\/posts\/190477"}],"collection":[{"href":"https:\/\/santemc.quebec\/icentre\/wp-json\/wp\/v2\/posts"}],"about":[{"href":"https:\/\/santemc.quebec\/icentre\/wp-json\/wp\/v2\/types\/post"}],"author":[{"embeddable":true,"href":"https:\/\/santemc.quebec\/icentre\/wp-json\/wp\/v2\/users\/9"}],"replies":[{"embeddable":true,"href":"https:\/\/santemc.quebec\/icentre\/wp-json\/wp\/v2\/comments?post=190477"}],"version-history":[{"count":1,"href":"https:\/\/santemc.quebec\/icentre\/wp-json\/wp\/v2\/posts\/190477\/revisions"}],"predecessor-version":[{"id":190478,"href":"https:\/\/santemc.quebec\/icentre\/wp-json\/wp\/v2\/posts\/190477\/revisions\/190478"}],"wp:attachment":[{"href":"https:\/\/santemc.quebec\/icentre\/wp-json\/wp\/v2\/media?parent=190477"}],"wp:term":[{"taxonomy":"category","embeddable":true,"href":"https:\/\/santemc.quebec\/icentre\/wp-json\/wp\/v2\/categories?post=190477"},{"taxonomy":"post_tag","embeddable":true,"href":"https:\/\/santemc.quebec\/icentre\/wp-json\/wp\/v2\/tags?post=190477"}],"curies":[{"name":"wp","href":"https:\/\/api.w.org\/{rel}","templated":true}]}}