{"id":190546,"date":"2020-10-07T10:01:26","date_gmt":"2020-10-07T14:01:26","guid":{"rendered":"http:\/\/santemc.quebec\/icentre\/?p=190546"},"modified":"2020-10-08T09:25:52","modified_gmt":"2020-10-08T13:25:52","slug":"recrutement-en-medecine-chirurgie-un-milieu-plein-de-defis","status":"publish","type":"post","link":"https:\/\/santemc.quebec\/icentre\/recrutement-en-medecine-chirurgie-un-milieu-plein-de-defis\/","title":{"rendered":"Recrutement en m\u00e9decine chirurgie : un milieu plein de d\u00e9fis!"},"content":{"rendered":"<p><a href=\"https:\/\/santemc.quebec\/santemc\/icentre\/wp-content\/uploads\/2020\/10\/Capture.jpg\"><img decoding=\"async\" loading=\"lazy\" class=\"wp-image-190547 alignleft\" src=\"https:\/\/santemc.quebec\/santemc\/icentre\/wp-content\/uploads\/2020\/10\/Capture.jpg\" alt=\"\" width=\"386\" height=\"193\" \/><\/a>Le CISSSMC lance une nouvelle capsule vid\u00e9o de recrutement qui met en lumi\u00e8re le secteur de la m\u00e9decine et de la chirurgie afin de combler plusieurs emplois d\u2019infirmi\u00e8res, d\u2019infirmi\u00e8res auxiliaires et de pr\u00e9pos\u00e9s aux b\u00e9n\u00e9ficiaires dans ce secteur.<\/p>\n<p><!--more--><\/p>\n<p>Mettant en vedette nos employ\u00e9s, cette initiative se d\u00e9ploie sur les r\u00e9seaux sociaux avec, entre autres, une vid\u00e9o tourn\u00e9e en f\u00e9vrier dernier, p\u00e9riode pr\u00e9pand\u00e9mie, \u00e0 l\u2019H\u00f4pital du Haut-Richelieu et \u00e0 l\u2019H\u00f4pital Charles-Le Moyne.<\/p>\n<p>La vid\u00e9o fait ressortir le travail d\u2019une \u00e9quipe sur <a href=\"https:\/\/santemc.quebec\/santemc\/icentre\/wp-content\/uploads\/2020\/10\/Capture2.jpg\"><img decoding=\"async\" loading=\"lazy\" class=\"wp-image-190548 alignright\" src=\"https:\/\/santemc.quebec\/santemc\/icentre\/wp-content\/uploads\/2020\/10\/Capture2.jpg\" alt=\"\" width=\"423\" height=\"226\" \/><\/a>une unit\u00e9 de m\u00e9decine et de chirurgie et permet de d\u00e9montrer le travail terrain qui s\u2019effectue au quotidien. Encore plus, elle met en lumi\u00e8re les relations fonci\u00e8rement humaines qui unissent l\u2019\u00e9quipe de soins, de gestion, des professionnels, des sp\u00e9cialistes ainsi que les liens pr\u00e9cieux avec les patients et leur famille. La vid\u00e9o traduit toute l&rsquo;action v\u00e9cue. \u00c7a bouge et les journ\u00e9es ne sont jamais pareilles!<\/p>\n<p><a href=\"https:\/\/santemc.quebec\/santemc\/icentre\/wp-content\/uploads\/2020\/10\/Capture3.jpg\"><img decoding=\"async\" loading=\"lazy\" class=\"wp-image-190549 alignright\" src=\"https:\/\/santemc.quebec\/santemc\/icentre\/wp-content\/uploads\/2020\/10\/Capture3.jpg\" alt=\"\" width=\"423\" height=\"247\" \/><\/a>Nous remercions tout le personnel, les m\u00e9decins, les gestionnaires et les patients de nos deux h\u00f4pitaux de nous avoir permis d\u2019\u00eatre les t\u00e9moins de ces moments uniques.<\/p>\n<p>Nous vous invitons \u00e0 visionner et partager la vid\u00e9o \u00e0 partir de nos diff\u00e9rentes plateformes :<\/p>\n<p><a href=\"https:\/\/www.santemonteregie.qc.ca\/centre\/emplois-au-cisss\/pourquoi-le-cisssmc#toc-zone-vid-o\" target=\"_blank\" rel=\"noopener noreferrer\">Site Web <\/a>\u00a0<a href=\"https:\/\/www.facebook.com\/cisssmc\" target=\"_blank\" rel=\"noopener noreferrer\">Facebook<\/a>\u00a0<a href=\"https:\/\/www.linkedin.com\/feed\/update\/urn:li:activity:6718929403251830784\/\" target=\"_blank\" rel=\"noopener noreferrer\">Linked In<\/a><\/p>\n","protected":false},"excerpt":{"rendered":"<p>Le CISSSMC lance une nouvelle capsule vid\u00e9o de recrutement qui met en lumi\u00e8re le secteur de la m\u00e9decine et de la chirurgie afin de combler plusieurs emplois d\u2019infirmi\u00e8res, d\u2019infirmi\u00e8res auxiliaires et de pr\u00e9pos\u00e9s aux b\u00e9n\u00e9ficiaires dans ce secteur.<\/p>\n","protected":false},"author":33,"featured_media":0,"comment_status":"open","ping_status":"closed","sticky":false,"template":"","format":"standard","meta":{"footnotes":""},"categories":[1],"tags":[],"_links":{"self":[{"href":"https:\/\/santemc.quebec\/icentre\/wp-json\/wp\/v2\/posts\/190546"}],"collection":[{"href":"https:\/\/santemc.quebec\/icentre\/wp-json\/wp\/v2\/posts"}],"about":[{"href":"https:\/\/santemc.quebec\/icentre\/wp-json\/wp\/v2\/types\/post"}],"author":[{"embeddable":true,"href":"https:\/\/santemc.quebec\/icentre\/wp-json\/wp\/v2\/users\/33"}],"replies":[{"embeddable":true,"href":"https:\/\/santemc.quebec\/icentre\/wp-json\/wp\/v2\/comments?post=190546"}],"version-history":[{"count":13,"href":"https:\/\/santemc.quebec\/icentre\/wp-json\/wp\/v2\/posts\/190546\/revisions"}],"predecessor-version":[{"id":190618,"href":"https:\/\/santemc.quebec\/icentre\/wp-json\/wp\/v2\/posts\/190546\/revisions\/190618"}],"wp:attachment":[{"href":"https:\/\/santemc.quebec\/icentre\/wp-json\/wp\/v2\/media?parent=190546"}],"wp:term":[{"taxonomy":"category","embeddable":true,"href":"https:\/\/santemc.quebec\/icentre\/wp-json\/wp\/v2\/categories?post=190546"},{"taxonomy":"post_tag","embeddable":true,"href":"https:\/\/santemc.quebec\/icentre\/wp-json\/wp\/v2\/tags?post=190546"}],"curies":[{"name":"wp","href":"https:\/\/api.w.org\/{rel}","templated":true}]}}