{"id":190594,"date":"2020-10-07T14:19:57","date_gmt":"2020-10-07T18:19:57","guid":{"rendered":"http:\/\/santemc.quebec\/icentre\/?p=190594"},"modified":"2020-10-08T08:51:42","modified_gmt":"2020-10-08T12:51:42","slug":"la-grippe-peut-vous-fragiliser-lancement-de-la-campagne-de-vaccination-2020-21","status":"publish","type":"post","link":"https:\/\/santemc.quebec\/icentre\/la-grippe-peut-vous-fragiliser-lancement-de-la-campagne-de-vaccination-2020-21\/","title":{"rendered":"La grippe peut vous fragiliser : lancement de la campagne de vaccination 2020-21"},"content":{"rendered":"<p>C\u2019est le 2 novembre prochain que d\u00e9butera la campagne annuelle de vaccination contre la grippe. Cette derni\u00e8re peut avoir des cons\u00e9quences graves chez les personnes tr\u00e8s \u00e2g\u00e9es ou chez les gens atteints d\u2019une maladie qui les rend plus \u00e0 risques de complications. Puisque la vaccination demeure le meilleur moyen de protection, il est recommand\u00e9 aux client\u00e8les vuln\u00e9rables suivantes de recevoir le vaccin et ce, gratuitement :<\/p>\n<p><!--more--><\/p>\n<ul>\n<li>enfants de 6 mois \u00e0 17 ans atteints de certaines maladies chroniques;<\/li>\n<li>femmes enceintes aux 2e et 3e trimestres de leur grossesse;<\/li>\n<li>adultes diab\u00e9tiques ou atteints d\u2019une maladie chronique affectant le c\u0153ur, les reins, les poumons ou le syst\u00e8me immunitaire (incluant les femmes enceintes, quel que soit le stade de leur grossesse);<\/li>\n<li>personnes \u00e2g\u00e9es de 75 ans et plus.<\/li>\n<\/ul>\n<p>Afin de diminuer les risques de contamination, la vaccination est aussi offerte gratuitement aux gens qui habitent sous le m\u00eame toit qu\u2019un bambin \u00e2g\u00e9 de moins de 6 mois et qu\u2019une personne \u00e2g\u00e9e ou atteinte d\u2019une maladie chronique.<\/p>\n<p>La vaccination est \u00e9galement offerte gratuitement aux enfants de 6 \u00e0 23 mois en bonne sant\u00e9 et aux personnes \u00e2g\u00e9es de 60 \u00e0 74 ans en bonne sant\u00e9. La vaccination est offerte gratuitement en pharmacie et en clinique priv\u00e9e pour les personnes de ces groupes d&rsquo;\u00e2ge souhaitant \u00eatre vaccin\u00e9es.<\/p>\n<p><u>Comment prendre rendez-vous?<\/u><\/p>\n<p>D\u00e9butant le 13 octobre prochain, la prise de rendez-vous pour la vaccination contre la grippe se fait de deux fa\u00e7ons :<\/p>\n<ul>\n<li>En ligne : on doit visiter le site web www.clicsante.ca puis s\u00e9lectionner le service grippe saisonni\u00e8re, inscrire son code postal et choisir l\u2019installation appropri\u00e9e.<\/li>\n<li>Par t\u00e9l\u00e9phone: il faut composer le 1 844 822-2467.<\/li>\n<\/ul>\n<p><u>Vaccination du personnel<\/u><\/p>\n<p>Les d\u00e9tails concernant la vaccination des employ\u00e9s et des m\u00e9decins seront achemin\u00e9s dans les prochaines semaines.<\/p>\n","protected":false},"excerpt":{"rendered":"<p>C\u2019est le 2 novembre prochain que d\u00e9butera la campagne annuelle de vaccination contre la grippe. Cette derni\u00e8re peut avoir des cons\u00e9quences graves chez les personnes tr\u00e8s \u00e2g\u00e9es ou chez les gens atteints d\u2019une maladie qui les rend plus \u00e0 risques &hellip; <a href=\"https:\/\/santemc.quebec\/icentre\/la-grippe-peut-vous-fragiliser-lancement-de-la-campagne-de-vaccination-2020-21\/\">Continuer la lecture <span class=\"meta-nav\">&rarr;<\/span><\/a><\/p>\n","protected":false},"author":1,"featured_media":0,"comment_status":"open","ping_status":"closed","sticky":false,"template":"","format":"standard","meta":{"footnotes":""},"categories":[1],"tags":[],"_links":{"self":[{"href":"https:\/\/santemc.quebec\/icentre\/wp-json\/wp\/v2\/posts\/190594"}],"collection":[{"href":"https:\/\/santemc.quebec\/icentre\/wp-json\/wp\/v2\/posts"}],"about":[{"href":"https:\/\/santemc.quebec\/icentre\/wp-json\/wp\/v2\/types\/post"}],"author":[{"embeddable":true,"href":"https:\/\/santemc.quebec\/icentre\/wp-json\/wp\/v2\/users\/1"}],"replies":[{"embeddable":true,"href":"https:\/\/santemc.quebec\/icentre\/wp-json\/wp\/v2\/comments?post=190594"}],"version-history":[{"count":2,"href":"https:\/\/santemc.quebec\/icentre\/wp-json\/wp\/v2\/posts\/190594\/revisions"}],"predecessor-version":[{"id":190614,"href":"https:\/\/santemc.quebec\/icentre\/wp-json\/wp\/v2\/posts\/190594\/revisions\/190614"}],"wp:attachment":[{"href":"https:\/\/santemc.quebec\/icentre\/wp-json\/wp\/v2\/media?parent=190594"}],"wp:term":[{"taxonomy":"category","embeddable":true,"href":"https:\/\/santemc.quebec\/icentre\/wp-json\/wp\/v2\/categories?post=190594"},{"taxonomy":"post_tag","embeddable":true,"href":"https:\/\/santemc.quebec\/icentre\/wp-json\/wp\/v2\/tags?post=190594"}],"curies":[{"name":"wp","href":"https:\/\/api.w.org\/{rel}","templated":true}]}}