{"id":190638,"date":"2020-10-08T18:05:19","date_gmt":"2020-10-08T22:05:19","guid":{"rendered":"http:\/\/santemc.quebec\/icentre\/?p=190638"},"modified":"2020-10-08T18:05:19","modified_gmt":"2020-10-08T22:05:19","slug":"a-voir-absolument-une-emission-nous-fait-connaitre-le-travail-de-linlb-aupres-des-personnes-sourdes-et-aveugles","status":"publish","type":"post","link":"https:\/\/santemc.quebec\/icentre\/a-voir-absolument-une-emission-nous-fait-connaitre-le-travail-de-linlb-aupres-des-personnes-sourdes-et-aveugles\/","title":{"rendered":"\u00c0 voir absolument!  Une \u00e9mission nous fait conna\u00eetre le travail de l\u2019INLB aupr\u00e8s des personnes sourdes et aveugles"},"content":{"rendered":"<p class=\"x_xxxxxmsonormal\"><a href=\"https:\/\/santemc.quebec\/santemc\/icentre\/wp-content\/uploads\/2020\/10\/Capture.png\"><img decoding=\"async\" loading=\"lazy\" class=\"alignleft size-medium wp-image-190639\" src=\"https:\/\/santemc.quebec\/santemc\/icentre\/wp-content\/uploads\/2020\/10\/Capture-300x212.png\" alt=\"\" width=\"300\" height=\"212\" srcset=\"https:\/\/santemc.quebec\/santemc\/icentre\/wp-content\/uploads\/2020\/10\/Capture-300x212.png 300w, https:\/\/santemc.quebec\/santemc\/icentre\/wp-content\/uploads\/2020\/10\/Capture-425x300.png 425w, https:\/\/santemc.quebec\/santemc\/icentre\/wp-content\/uploads\/2020\/10\/Capture.png 553w\" sizes=\"(max-width: 300px) 100vw, 300px\" \/><\/a>Chanter dans une chorale, aller \u00e0 son cours de yoga, prendre l\u2019autobus et le m\u00e9tro pour se rendre \u00e0 ses rendez-vous\u2026 Ces activit\u00e9s toutes simples pour le commun des mortels repr\u00e9sentent de v\u00e9ritables d\u00e9fis pour des personnes qui ont perdu la vue et l\u2019ou\u00efe et qui doivent se fier \u00e0 leur chien-guide et miser sur l\u2019enseignement des sp\u00e9cialistes en orientation et en mobilit\u00e9\u00a0du programme surdic\u00e9cit\u00e9. \u00a0Ce programme, qui c\u00e9l\u00e8bre ses 15 ans d\u2019existence cette ann\u00e9e, est le fruit d&rsquo;une collaboration entre le CISSS de la Mont\u00e9r\u00e9gie-Centre via l&rsquo;INLB et le CIUSSS du Centre-Sud-de-l\u2019\u00eele-de-Montr\u00e9al via l&rsquo;Institut Raymond-Dewar. <!--more--><\/p>\n<p class=\"x_xxxxxmsonormal\">L\u2019\u00e9mission\u00a0<i>Les dipl\u00f4m\u00e9s de Mira et la surdic\u00e9cit\u00e9<\/i>, diffus\u00e9e par TV5, nous montre deux femmes admirables et r\u00e9silientes, Nicole et Sylvie, et leur chien-guide complice de tous les instants accomplir ce qui rel\u00e8ve de l\u2019exploit\u00a0: sortir de chez elles et vivre la vie la plus normale possible malgr\u00e9 leur double handicap.\u00a0\u00a0Cela serait impossible sans l\u2019aide de Marie-Claude Lavoie et de Michel Bradette, sp\u00e9cialistes en orientation et mobilit\u00e9 de l\u2019INLB, qui accompagnent ces femmes dans l\u2019\u00e9mission. Ces experts\u00a0analysent l&rsquo;environnement, leur enseignent\u00a0les d\u00e9placements s\u00e9curitaires et les aident \u00e0 d\u00e9velopper des strat\u00e9gies qui leur permettent d\u2019am\u00e9liorer leur mobilit\u00e9,\u00a0leur orientation et leur autonomie.<\/p>\n<p class=\"x_xxxxxmsonormal\">Aujourd\u2019hui, 8 octobre, marque la Journ\u00e9e mondiale de la vue. L\u2019\u00e9mission Les\u00a0<i>dipl\u00f4m\u00e9s de Mira et la surdic\u00e9cit\u00e9\u00a0<\/i>remplie avec \u00e9motion\u00a0l\u2019objectif de la Journ\u00e9e, soit\u00a0d\u2019attirer l\u2019attention sur la c\u00e9cit\u00e9 et la d\u00e9ficience visuelle et de sensibiliser la population \u00e0 cette r\u00e9alit\u00e9. \u00c0 voir absolument\u00a0au\u00a0:\u00a0<span class=\"x_MsoHyperlink\"><a title=\"URL d'origine\u00a0: https:\/\/www.tv5unis.ca\/videos\/les-diplomes-mira\/saisons\/1\/episodes\/1. Cliquez ou appuyez si vous faites confiance \u00e0 ce lien.\" href=\"https:\/\/can01.safelinks.protection.outlook.com\/?url=https%3A%2F%2Fwww.tv5unis.ca%2Fvideos%2Fles-diplomes-mira%2Fsaisons%2F1%2Fepisodes%2F1&amp;data=02%7C01%7Cfrancois.simard.agence16%40ssss.gouv.qc.ca%7Cd3e1d162358f4ad4ecd008d86bd1fd8b%7C06e1fe285f8b4075bf6cae24be1a7992%7C0%7C0%7C637377896925588767&amp;sdata=3%2F2IvingKIeOaGgmPfUrOWVhr9neheXF4qdPcLy99Uo%3D&amp;reserved=0\" target=\"_blank\" rel=\"noopener noreferrer\" data-auth=\"Verified\">https:\/\/www.tv5unis.ca\/videos\/les-diplomes-mira\/saisons\/1\/episodes\/1<\/a><\/span><\/p>\n","protected":false},"excerpt":{"rendered":"<p>Chanter dans une chorale, aller \u00e0 son cours de yoga, prendre l\u2019autobus et le m\u00e9tro pour se rendre \u00e0 ses rendez-vous\u2026 Ces activit\u00e9s toutes simples pour le commun des mortels repr\u00e9sentent de v\u00e9ritables d\u00e9fis pour des personnes qui ont perdu &hellip; <a href=\"https:\/\/santemc.quebec\/icentre\/a-voir-absolument-une-emission-nous-fait-connaitre-le-travail-de-linlb-aupres-des-personnes-sourdes-et-aveugles\/\">Continuer la lecture <span class=\"meta-nav\">&rarr;<\/span><\/a><\/p>\n","protected":false},"author":1,"featured_media":0,"comment_status":"open","ping_status":"closed","sticky":false,"template":"","format":"standard","meta":{"footnotes":""},"categories":[1],"tags":[],"_links":{"self":[{"href":"https:\/\/santemc.quebec\/icentre\/wp-json\/wp\/v2\/posts\/190638"}],"collection":[{"href":"https:\/\/santemc.quebec\/icentre\/wp-json\/wp\/v2\/posts"}],"about":[{"href":"https:\/\/santemc.quebec\/icentre\/wp-json\/wp\/v2\/types\/post"}],"author":[{"embeddable":true,"href":"https:\/\/santemc.quebec\/icentre\/wp-json\/wp\/v2\/users\/1"}],"replies":[{"embeddable":true,"href":"https:\/\/santemc.quebec\/icentre\/wp-json\/wp\/v2\/comments?post=190638"}],"version-history":[{"count":1,"href":"https:\/\/santemc.quebec\/icentre\/wp-json\/wp\/v2\/posts\/190638\/revisions"}],"predecessor-version":[{"id":190640,"href":"https:\/\/santemc.quebec\/icentre\/wp-json\/wp\/v2\/posts\/190638\/revisions\/190640"}],"wp:attachment":[{"href":"https:\/\/santemc.quebec\/icentre\/wp-json\/wp\/v2\/media?parent=190638"}],"wp:term":[{"taxonomy":"category","embeddable":true,"href":"https:\/\/santemc.quebec\/icentre\/wp-json\/wp\/v2\/categories?post=190638"},{"taxonomy":"post_tag","embeddable":true,"href":"https:\/\/santemc.quebec\/icentre\/wp-json\/wp\/v2\/tags?post=190638"}],"curies":[{"name":"wp","href":"https:\/\/api.w.org\/{rel}","templated":true}]}}