{"id":190644,"date":"2020-10-08T19:04:08","date_gmt":"2020-10-08T23:04:08","guid":{"rendered":"http:\/\/santemc.quebec\/icentre\/?p=190644"},"modified":"2020-10-08T19:04:08","modified_gmt":"2020-10-08T23:04:08","slug":"portrait-du-territoire-et-des-paliers-dalerte-au-cisss-de-la-monteregie-centre","status":"publish","type":"post","link":"https:\/\/santemc.quebec\/icentre\/portrait-du-territoire-et-des-paliers-dalerte-au-cisss-de-la-monteregie-centre\/","title":{"rendered":"Portrait du territoire et des paliers d\u2019alerte au CISSS de la Mont\u00e9r\u00e9gie-Centre"},"content":{"rendered":"<p>Le 1er octobre dernier, une portion de la Mont\u00e9r\u00e9gie, faisant partie de la Communaut\u00e9 m\u00e9tropolitaine de Montr\u00e9al (CMM), a \u00e9t\u00e9 plac\u00e9e au palier 4 &#8211; alerte maximale (zone rouge) par le gouvernement du Qu\u00e9bec. Les autres municipalit\u00e9s de la r\u00e9gion sont quant \u00e0 elles pass\u00e9es au palier 3 \u2013 alerte (zone orange). Ainsi, le territoire le CISSS de la Mont\u00e9r\u00e9gie-Centre a des installations qui sont situ\u00e9es soit en zone rouge ou en zone orange. Afin de vous aider \u00e0 bien distinguer les deux zones, voici un tableau des municipalit\u00e9s de notre territoire, selon leur palier d\u2019alerte.<!--more--><\/p>\n<p><a href=\"https:\/\/santemc.quebec\/santemc\/icentre\/wp-content\/uploads\/2020\/10\/palier.png\"><img decoding=\"async\" loading=\"lazy\" class=\"alignnone size-full wp-image-190645\" src=\"https:\/\/santemc.quebec\/santemc\/icentre\/wp-content\/uploads\/2020\/10\/palier.png\" alt=\"\" width=\"581\" height=\"451\" srcset=\"https:\/\/santemc.quebec\/santemc\/icentre\/wp-content\/uploads\/2020\/10\/palier.png 581w, https:\/\/santemc.quebec\/santemc\/icentre\/wp-content\/uploads\/2020\/10\/palier-300x233.png 300w, https:\/\/santemc.quebec\/santemc\/icentre\/wp-content\/uploads\/2020\/10\/palier-386x300.png 386w\" sizes=\"(max-width: 581px) 100vw, 581px\" \/><\/a><\/p>\n<p>Pour conna\u00eetre en d\u00e9tail les diff\u00e9rentes mesures sanitaires en vigueur selon les paliers d\u2019alerte, vous pouvez visiter le<a href=\"https:\/\/www.quebec.ca\/sante\/problemes-de-sante\/a-z\/coronavirus-2019\/systeme-alertes-regionales-et-intervention-graduelle\/cartes-paliers-alerte-covid-19-par-region\" target=\"_blank\" rel=\"noopener noreferrer\"> site Web du gouvernement du Qu\u00e9bec<\/a> en cliquant ici<\/p>\n<p>&nbsp;<\/p>\n","protected":false},"excerpt":{"rendered":"<p>Le 1er octobre dernier, une portion de la Mont\u00e9r\u00e9gie, faisant partie de la Communaut\u00e9 m\u00e9tropolitaine de Montr\u00e9al (CMM), a \u00e9t\u00e9 plac\u00e9e au palier 4 &#8211; alerte maximale (zone rouge) par le gouvernement du Qu\u00e9bec. Les autres municipalit\u00e9s de la r\u00e9gion &hellip; <a href=\"https:\/\/santemc.quebec\/icentre\/portrait-du-territoire-et-des-paliers-dalerte-au-cisss-de-la-monteregie-centre\/\">Continuer la lecture <span class=\"meta-nav\">&rarr;<\/span><\/a><\/p>\n","protected":false},"author":1,"featured_media":0,"comment_status":"open","ping_status":"closed","sticky":false,"template":"","format":"standard","meta":{"footnotes":""},"categories":[1],"tags":[],"_links":{"self":[{"href":"https:\/\/santemc.quebec\/icentre\/wp-json\/wp\/v2\/posts\/190644"}],"collection":[{"href":"https:\/\/santemc.quebec\/icentre\/wp-json\/wp\/v2\/posts"}],"about":[{"href":"https:\/\/santemc.quebec\/icentre\/wp-json\/wp\/v2\/types\/post"}],"author":[{"embeddable":true,"href":"https:\/\/santemc.quebec\/icentre\/wp-json\/wp\/v2\/users\/1"}],"replies":[{"embeddable":true,"href":"https:\/\/santemc.quebec\/icentre\/wp-json\/wp\/v2\/comments?post=190644"}],"version-history":[{"count":1,"href":"https:\/\/santemc.quebec\/icentre\/wp-json\/wp\/v2\/posts\/190644\/revisions"}],"predecessor-version":[{"id":190646,"href":"https:\/\/santemc.quebec\/icentre\/wp-json\/wp\/v2\/posts\/190644\/revisions\/190646"}],"wp:attachment":[{"href":"https:\/\/santemc.quebec\/icentre\/wp-json\/wp\/v2\/media?parent=190644"}],"wp:term":[{"taxonomy":"category","embeddable":true,"href":"https:\/\/santemc.quebec\/icentre\/wp-json\/wp\/v2\/categories?post=190644"},{"taxonomy":"post_tag","embeddable":true,"href":"https:\/\/santemc.quebec\/icentre\/wp-json\/wp\/v2\/tags?post=190644"}],"curies":[{"name":"wp","href":"https:\/\/api.w.org\/{rel}","templated":true}]}}