{"id":190647,"date":"2020-10-08T19:00:40","date_gmt":"2020-10-08T23:00:40","guid":{"rendered":"http:\/\/santemc.quebec\/icentre\/?p=190647"},"modified":"2020-10-08T19:05:50","modified_gmt":"2020-10-08T23:05:50","slug":"covid-19-lapplication-des-mesures-de-prevention-et-controle-des-infections-une-responsabilite-professionnelle","status":"publish","type":"post","link":"https:\/\/santemc.quebec\/icentre\/covid-19-lapplication-des-mesures-de-prevention-et-controle-des-infections-une-responsabilite-professionnelle\/","title":{"rendered":"COVID-19 : L\u2019application des mesures de pr\u00e9vention et contr\u00f4le des infections : une responsabilit\u00e9 professionnelle"},"content":{"rendered":"<p><a href=\"https:\/\/santemc.quebec\/santemc\/icentre\/wp-content\/uploads\/2020\/10\/2020-10-08_NS_Conseils-prof_application-mesures-PCI-1.pdf\" target=\"_blank\" rel=\"noopener noreferrer\">Lire la note de service\u00a0<\/a><\/p>\n<p>&nbsp;<\/p>\n","protected":false},"excerpt":{"rendered":"<p>Lire la note de service\u00a0 &nbsp;<\/p>\n","protected":false},"author":1,"featured_media":0,"comment_status":"open","ping_status":"closed","sticky":false,"template":"","format":"standard","meta":{"footnotes":""},"categories":[1],"tags":[],"_links":{"self":[{"href":"https:\/\/santemc.quebec\/icentre\/wp-json\/wp\/v2\/posts\/190647"}],"collection":[{"href":"https:\/\/santemc.quebec\/icentre\/wp-json\/wp\/v2\/posts"}],"about":[{"href":"https:\/\/santemc.quebec\/icentre\/wp-json\/wp\/v2\/types\/post"}],"author":[{"embeddable":true,"href":"https:\/\/santemc.quebec\/icentre\/wp-json\/wp\/v2\/users\/1"}],"replies":[{"embeddable":true,"href":"https:\/\/santemc.quebec\/icentre\/wp-json\/wp\/v2\/comments?post=190647"}],"version-history":[{"count":1,"href":"https:\/\/santemc.quebec\/icentre\/wp-json\/wp\/v2\/posts\/190647\/revisions"}],"predecessor-version":[{"id":190649,"href":"https:\/\/santemc.quebec\/icentre\/wp-json\/wp\/v2\/posts\/190647\/revisions\/190649"}],"wp:attachment":[{"href":"https:\/\/santemc.quebec\/icentre\/wp-json\/wp\/v2\/media?parent=190647"}],"wp:term":[{"taxonomy":"category","embeddable":true,"href":"https:\/\/santemc.quebec\/icentre\/wp-json\/wp\/v2\/categories?post=190647"},{"taxonomy":"post_tag","embeddable":true,"href":"https:\/\/santemc.quebec\/icentre\/wp-json\/wp\/v2\/tags?post=190647"}],"curies":[{"name":"wp","href":"https:\/\/api.w.org\/{rel}","templated":true}]}}