{"id":190663,"date":"2020-10-09T10:56:44","date_gmt":"2020-10-09T14:56:44","guid":{"rendered":"http:\/\/santemc.quebec\/icentre\/?p=190663"},"modified":"2020-10-09T11:27:19","modified_gmt":"2020-10-09T15:27:19","slug":"merci-pour-votre-mobilisation1-503-000-amasses-lors-du-defi-des-generations-contre-la-covid","status":"publish","type":"post","link":"https:\/\/santemc.quebec\/icentre\/merci-pour-votre-mobilisation1-503-000-amasses-lors-du-defi-des-generations-contre-la-covid\/","title":{"rendered":"Merci pour votre mobilisation! 503 000 $ amass\u00e9s lors du D\u00e9fi des g\u00e9n\u00e9rations contre la COVID"},"content":{"rendered":"<p><a href=\"https:\/\/santemc.quebec\/santemc\/icentre\/wp-content\/uploads\/2020\/10\/bandeau_FHCLM.jpg\"><img decoding=\"async\" loading=\"lazy\" class=\"size-medium wp-image-190677 alignleft\" src=\"https:\/\/santemc.quebec\/santemc\/icentre\/wp-content\/uploads\/2020\/10\/bandeau_FHCLM-300x138.jpg\" alt=\"\" width=\"300\" height=\"138\" srcset=\"https:\/\/santemc.quebec\/santemc\/icentre\/wp-content\/uploads\/2020\/10\/bandeau_FHCLM-300x138.jpg 300w, https:\/\/santemc.quebec\/santemc\/icentre\/wp-content\/uploads\/2020\/10\/bandeau_FHCLM-1024x472.jpg 1024w, https:\/\/santemc.quebec\/santemc\/icentre\/wp-content\/uploads\/2020\/10\/bandeau_FHCLM-768x354.jpg 768w, https:\/\/santemc.quebec\/santemc\/icentre\/wp-content\/uploads\/2020\/10\/bandeau_FHCLM-500x231.jpg 500w, https:\/\/santemc.quebec\/santemc\/icentre\/wp-content\/uploads\/2020\/10\/bandeau_FHCLM.jpg 1231w\" sizes=\"(max-width: 300px) 100vw, 300px\" \/><\/a>Samedi dernier, le D\u00e9fi des g\u00e9n\u00e9rations contre la COVID s\u2019est cl\u00f4tur\u00e9 par un \u00e9v\u00e9nement virtuel anim\u00e9 par Julie Snyder. Gr\u00e2ce \u00e0 la g\u00e9n\u00e9rosit\u00e9 des participants, des donateurs et des partenaires, le D\u00e9fi des g\u00e9n\u00e9rations contre la COVID a connu un succ\u00e8s retentissant, permettant d\u2019amasser un montant de 503 000 $!<\/p>\n<p><!--more--><\/p>\n<p>Cet \u00e9t\u00e9, quatre fondations hospitali\u00e8res mont\u00e9r\u00e9giennes se sont unies dans un \u00e9lan de solidarit\u00e9 sans pr\u00e9c\u00e9dent pour pr\u00e9senter le D\u00e9fi des g\u00e9n\u00e9rations contre la COVID. Plus de 500 participants en Mont\u00e9r\u00e9gie ont r\u00e9pondu \u00e0 l\u2019invitation de Jos\u00e9e Lavigueur, porte-parole de l\u2019\u00e9v\u00e9nement. Ils se sont d\u00e9pass\u00e9s en relevant le d\u00e9fi de leur choix, et en collectant des dons dans leur entourage.<\/p>\n<p>Les donateurs ont encore r\u00e9pondu pr\u00e9sent lors de l\u2019\u00e9v\u00e9nement, pour soutenir la sant\u00e9 mentale des jeunes. Leur g\u00e9n\u00e9rosit\u00e9 a \u00e9t\u00e9 appuy\u00e9e par l\u2019implication de Bell Cause pour la cause : 30 920 $ ont \u00e9t\u00e9 amass\u00e9s pour permettre \u00e0 45 adolescents de se rendre \u00e0 un camp th\u00e9rapeutique d\u2019une semaine pour \u00eatre outill\u00e9s dans la gestion de leur anxi\u00e9t\u00e9.<\/p>\n<p>La Fondation H\u00f4pital Charles-LeMoyne remercie chaleureusement tous les membres du personnel et les m\u00e9decins de l\u2019H\u00f4pital qui ont contribu\u00e9 au succ\u00e8s du D\u00e9fi des g\u00e9n\u00e9rations contre la COVID!<\/p>\n","protected":false},"excerpt":{"rendered":"<p>Samedi dernier, le D\u00e9fi des g\u00e9n\u00e9rations contre la COVID s\u2019est cl\u00f4tur\u00e9 par un \u00e9v\u00e9nement virtuel anim\u00e9 par Julie Snyder. Gr\u00e2ce \u00e0 la g\u00e9n\u00e9rosit\u00e9 des participants, des donateurs et des partenaires, le D\u00e9fi des g\u00e9n\u00e9rations contre la COVID a connu un &hellip; <a href=\"https:\/\/santemc.quebec\/icentre\/merci-pour-votre-mobilisation1-503-000-amasses-lors-du-defi-des-generations-contre-la-covid\/\">Continuer la lecture <span class=\"meta-nav\">&rarr;<\/span><\/a><\/p>\n","protected":false},"author":9,"featured_media":0,"comment_status":"open","ping_status":"closed","sticky":false,"template":"","format":"standard","meta":{"footnotes":""},"categories":[1],"tags":[],"_links":{"self":[{"href":"https:\/\/santemc.quebec\/icentre\/wp-json\/wp\/v2\/posts\/190663"}],"collection":[{"href":"https:\/\/santemc.quebec\/icentre\/wp-json\/wp\/v2\/posts"}],"about":[{"href":"https:\/\/santemc.quebec\/icentre\/wp-json\/wp\/v2\/types\/post"}],"author":[{"embeddable":true,"href":"https:\/\/santemc.quebec\/icentre\/wp-json\/wp\/v2\/users\/9"}],"replies":[{"embeddable":true,"href":"https:\/\/santemc.quebec\/icentre\/wp-json\/wp\/v2\/comments?post=190663"}],"version-history":[{"count":3,"href":"https:\/\/santemc.quebec\/icentre\/wp-json\/wp\/v2\/posts\/190663\/revisions"}],"predecessor-version":[{"id":190678,"href":"https:\/\/santemc.quebec\/icentre\/wp-json\/wp\/v2\/posts\/190663\/revisions\/190678"}],"wp:attachment":[{"href":"https:\/\/santemc.quebec\/icentre\/wp-json\/wp\/v2\/media?parent=190663"}],"wp:term":[{"taxonomy":"category","embeddable":true,"href":"https:\/\/santemc.quebec\/icentre\/wp-json\/wp\/v2\/categories?post=190663"},{"taxonomy":"post_tag","embeddable":true,"href":"https:\/\/santemc.quebec\/icentre\/wp-json\/wp\/v2\/tags?post=190663"}],"curies":[{"name":"wp","href":"https:\/\/api.w.org\/{rel}","templated":true}]}}