{"id":190668,"date":"2020-10-09T11:21:52","date_gmt":"2020-10-09T15:21:52","guid":{"rendered":"http:\/\/santemc.quebec\/icentre\/?p=190668"},"modified":"2020-10-09T11:22:48","modified_gmt":"2020-10-09T15:22:48","slug":"la-fondation-sante-lance-sa-nouvelle-image-de-marque","status":"publish","type":"post","link":"https:\/\/santemc.quebec\/icentre\/la-fondation-sante-lance-sa-nouvelle-image-de-marque\/","title":{"rendered":"La Fondation Sant\u00e9 lance sa nouvelle image de marque"},"content":{"rendered":"<p><a href=\"https:\/\/santemc.quebec\/santemc\/icentre\/wp-content\/uploads\/2020\/10\/nouvelle_image_FondationSante.jpg\"><img decoding=\"async\" loading=\"lazy\" class=\"size-medium wp-image-190669 alignleft\" src=\"https:\/\/santemc.quebec\/santemc\/icentre\/wp-content\/uploads\/2020\/10\/nouvelle_image_FondationSante-300x99.jpg\" alt=\"\" width=\"300\" height=\"99\" srcset=\"https:\/\/santemc.quebec\/santemc\/icentre\/wp-content\/uploads\/2020\/10\/nouvelle_image_FondationSante-300x99.jpg 300w, https:\/\/santemc.quebec\/santemc\/icentre\/wp-content\/uploads\/2020\/10\/nouvelle_image_FondationSante-768x253.jpg 768w, https:\/\/santemc.quebec\/santemc\/icentre\/wp-content\/uploads\/2020\/10\/nouvelle_image_FondationSante-500x165.jpg 500w, https:\/\/santemc.quebec\/santemc\/icentre\/wp-content\/uploads\/2020\/10\/nouvelle_image_FondationSante.jpg 959w\" sizes=\"(max-width: 300px) 100vw, 300px\" \/><\/a>L\u2019\u00e9quipe de la Fondation Sant\u00e9 est extr\u00eamement fi\u00e8re de d\u00e9voiler sa nouvelle image de marque, un projet r\u00e9alis\u00e9 en collaboration avec l\u2019agence MXO.<\/p>\n<p><!--more--><\/p>\n<p><strong>Une image plus repr\u00e9sentative<\/strong><br \/>\nEn 2019, avec la venue d\u2019un nouveau pr\u00e9sident \u00e0 la barre du conseil d\u2019administration et d\u2019une nouvelle directrice g\u00e9n\u00e9rale \u00e0 la permanence, la vision strat\u00e9gique et les actions de la Fondation Sant\u00e9 ont \u00e9t\u00e9 repens\u00e9es de mani\u00e8re \u00e0 \u00eatre davantage connect\u00e9es avec le public, les gens d\u2019affaires et le milieu de la sant\u00e9. \u00c0 la suite de nombreuses discussions avec diff\u00e9rents partenaires et b\u00e9n\u00e9voles, il semblait \u00e9vident que l\u2019image actuelle ne repr\u00e9sentait pas bien l\u2019esprit de la Fondation et ses diff\u00e9rents b\u00e9n\u00e9ficiaires. \u00ab Le logo avec les ballons semble s\u2019adresser \u00e0 un public tr\u00e8s pr\u00e9cis et plus jeune. La Fondation Sant\u00e9 vise \u00e0 am\u00e9liorer les soins de sant\u00e9 de la naissance \u00e0 la fin de vie, en plus d\u2019optimiser le travail des professionnels de la sant\u00e9. Il \u00e9tait \u00e9vident pour nous que le logo ne portait pas cette vision de fa\u00e7on claire \u00bb, souligne Julie Coupal, directrice g\u00e9n\u00e9rale de la Fondation Sant\u00e9.<\/p>\n<p><strong>Un projet pro bono sign\u00e9 MXO<br \/>\n<\/strong>Comme l\u2019image de marque avait \u00e9t\u00e9 refaite en 2017, il \u00e9tait primordial pour la Fondation Sant\u00e9 de ne pas engendrer de d\u00e9penses avec la cr\u00e9ation du nouveau logo. Beaucoup ne s\u2019\u00e9taient pas encore appropri\u00e9 l\u2019image actuelle et avaient encore en t\u00eate le logo d\u2019avant. C\u2019\u00e9tait donc un bon moment pour agir. \u00ab Nous avions d\u00e9j\u00e0 collabor\u00e9 avec MXO pour un projet vid\u00e9o lanc\u00e9 au d\u00e9but du confinement. Ils ont g\u00e9n\u00e9reusement accept\u00e9 de r\u00e9aliser ce projet pro bono. Ils ont bien saisi nos besoins et nous propos\u00e9 un logo plus actuel, mais qui s\u2019inspire \u00e9galement l\u2019image d\u2019il y a quelques ann\u00e9es avec le coeur. On revient, en quelque sorte, \u00e0 nos racines, aux meilleures ann\u00e9es de la Fondation, tout en regardant vers l\u2019avenir \u00bb, pr\u00e9cise Julie Coupal. \u00ab Notre d\u00e9marche de cocr\u00e9ation avec la Fondation nous a permis de comprendre que nous devions d\u00e9velopper une image de marque qui saurait faire r\u00e9f\u00e9rence au pass\u00e9 tout en regardant vers l&rsquo;avenir. Une signature simple mais pleine de sens, versatile qui saura passer efficacement \u00e0 travers le temps \u00bb, pr\u00e9cise Antoine Richer, associ\u00e9 et vice-pr\u00e9sident strat\u00e9gie et cr\u00e9ation chez MXO.<\/p>\n<p><a href=\"https:\/\/santemc.quebec\/santemc\/icentre\/wp-content\/uploads\/2020\/10\/DrCharlebois.jpg\"><img decoding=\"async\" loading=\"lazy\" class=\" wp-image-190671 aligncenter\" src=\"https:\/\/santemc.quebec\/santemc\/icentre\/wp-content\/uploads\/2020\/10\/DrCharlebois-300x129.jpg\" alt=\"\" width=\"358\" height=\"162\" \/><\/a><\/p>\n<p><strong>Une bi\u00e8re au profit de la Fondation Sant\u00e9<\/strong><br \/>\n<a href=\"https:\/\/santemc.quebec\/santemc\/icentre\/wp-content\/uploads\/2020\/10\/biere.jpg\"><img decoding=\"async\" loading=\"lazy\" class=\" wp-image-190672 alignleft\" src=\"https:\/\/santemc.quebec\/santemc\/icentre\/wp-content\/uploads\/2020\/10\/biere-228x300.jpg\" alt=\"\" width=\"139\" height=\"181\" \/><\/a>Il y aura de quoi trinquer \u00e0 la nouvelle image! La Fondation Sant\u00e9 a \u00e9galement collabor\u00e9 avec Tite Frette et Lagabi\u00e8re pour lancer une bi\u00e8re au profit de la Fondation Sant\u00e9. La Dr Gamache, nomm\u00e9e en l\u2019honneur du fondateur de la Fondation et issue de la s\u00e9rie G\u00e9n\u00e9reuse de Tite Frette, sera vendue partout au Qu\u00e9bec. Cinquante sous par canette reviendront \u00e0 la Fondation. Il s\u2019agit d\u2019une IPA stout \u00e0 la fraise avec une l\u00e9g\u00e8re touche de vanille. \u00ab Nous sommes fiers de redonner \u00e0 la communaut\u00e9 et d\u2019int\u00e9grer la Fondation Sant\u00e9 dans les causes qui nous tiennent \u00e0 coeur, dans notre s\u00e9rie G\u00e9n\u00e9reuse \u00bb, souligne Karl Magnone propri\u00e9taire de Tite Frette.<\/p>\n<p>\u00c0 Saint-Jean-sur-Richelieu, les gens pourront se la procurer chez Tite Frette, au IGA Gladu, aux deux IGA Perreault et en quantit\u00e9s tr\u00e8s limit\u00e9es aux restaurants l\u2019Impr\u00e9vu et chez Xze Place.<\/p>\n<p>Pour plus de d\u00e9tails concernant l\u2019image de marque et la bi\u00e8re, rendez-vous au <a href=\"http:\/\/fondationsante.com\" target=\"_blank\" rel=\"noopener noreferrer\">fondationsante.com<\/a><\/p>\n","protected":false},"excerpt":{"rendered":"<p>L\u2019\u00e9quipe de la Fondation Sant\u00e9 est extr\u00eamement fi\u00e8re de d\u00e9voiler sa nouvelle image de marque, un projet r\u00e9alis\u00e9 en collaboration avec l\u2019agence MXO.<\/p>\n","protected":false},"author":9,"featured_media":0,"comment_status":"open","ping_status":"closed","sticky":false,"template":"","format":"standard","meta":{"footnotes":""},"categories":[1],"tags":[],"_links":{"self":[{"href":"https:\/\/santemc.quebec\/icentre\/wp-json\/wp\/v2\/posts\/190668"}],"collection":[{"href":"https:\/\/santemc.quebec\/icentre\/wp-json\/wp\/v2\/posts"}],"about":[{"href":"https:\/\/santemc.quebec\/icentre\/wp-json\/wp\/v2\/types\/post"}],"author":[{"embeddable":true,"href":"https:\/\/santemc.quebec\/icentre\/wp-json\/wp\/v2\/users\/9"}],"replies":[{"embeddable":true,"href":"https:\/\/santemc.quebec\/icentre\/wp-json\/wp\/v2\/comments?post=190668"}],"version-history":[{"count":3,"href":"https:\/\/santemc.quebec\/icentre\/wp-json\/wp\/v2\/posts\/190668\/revisions"}],"predecessor-version":[{"id":190676,"href":"https:\/\/santemc.quebec\/icentre\/wp-json\/wp\/v2\/posts\/190668\/revisions\/190676"}],"wp:attachment":[{"href":"https:\/\/santemc.quebec\/icentre\/wp-json\/wp\/v2\/media?parent=190668"}],"wp:term":[{"taxonomy":"category","embeddable":true,"href":"https:\/\/santemc.quebec\/icentre\/wp-json\/wp\/v2\/categories?post=190668"},{"taxonomy":"post_tag","embeddable":true,"href":"https:\/\/santemc.quebec\/icentre\/wp-json\/wp\/v2\/tags?post=190668"}],"curies":[{"name":"wp","href":"https:\/\/api.w.org\/{rel}","templated":true}]}}