{"id":190695,"date":"2020-10-09T16:45:50","date_gmt":"2020-10-09T20:45:50","guid":{"rendered":"http:\/\/santemc.quebec\/icentre\/?p=190695"},"modified":"2020-10-09T16:45:50","modified_gmt":"2020-10-09T20:45:50","slug":"covid-19-mise-a-jour-de-la-foire-aux-questions-des-employes-5","status":"publish","type":"post","link":"https:\/\/santemc.quebec\/icentre\/covid-19-mise-a-jour-de-la-foire-aux-questions-des-employes-5\/","title":{"rendered":"COVID-19 : Mise \u00e0 jour de la Foire aux questions des employ\u00e9s"},"content":{"rendered":"<p>Une importante mise \u00e0 jour a \u00e9t\u00e9 effectu\u00e9e pour les sections suivantes :<\/p>\n<ul>\n<li>Informations g\u00e9n\u00e9rales<\/li>\n<li>Ressources d&rsquo;aide<\/li>\n<li>Sympt\u00f4mes, test de d\u00e9pistage, isolement et retour au travail<\/li>\n<li>Mesures incitatives favorisant la pr\u00e9sence au travail \u00e0 temps complet<\/li>\n<li>D\u00e9cret minist\u00e9riel \/ Vacances et d\u00e9placement de personnel : 2e vague<\/li>\n<\/ul>\n<p>Lire la <a href=\"https:\/\/santemc.quebec\/icentre\/?page_id=185406\" target=\"_blank\" rel=\"noopener noreferrer\">Foire aux questions<\/a> des employ\u00e9s<\/p>\n","protected":false},"excerpt":{"rendered":"<p>Une importante mise \u00e0 jour a \u00e9t\u00e9 effectu\u00e9e pour les sections suivantes : Informations g\u00e9n\u00e9rales Ressources d&rsquo;aide Sympt\u00f4mes, test de d\u00e9pistage, isolement et retour au travail Mesures incitatives favorisant la pr\u00e9sence au travail \u00e0 temps complet D\u00e9cret minist\u00e9riel \/ Vacances &hellip; <a href=\"https:\/\/santemc.quebec\/icentre\/covid-19-mise-a-jour-de-la-foire-aux-questions-des-employes-5\/\">Continuer la lecture <span class=\"meta-nav\">&rarr;<\/span><\/a><\/p>\n","protected":false},"author":33,"featured_media":0,"comment_status":"open","ping_status":"closed","sticky":false,"template":"","format":"standard","meta":{"footnotes":""},"categories":[1],"tags":[],"_links":{"self":[{"href":"https:\/\/santemc.quebec\/icentre\/wp-json\/wp\/v2\/posts\/190695"}],"collection":[{"href":"https:\/\/santemc.quebec\/icentre\/wp-json\/wp\/v2\/posts"}],"about":[{"href":"https:\/\/santemc.quebec\/icentre\/wp-json\/wp\/v2\/types\/post"}],"author":[{"embeddable":true,"href":"https:\/\/santemc.quebec\/icentre\/wp-json\/wp\/v2\/users\/33"}],"replies":[{"embeddable":true,"href":"https:\/\/santemc.quebec\/icentre\/wp-json\/wp\/v2\/comments?post=190695"}],"version-history":[{"count":1,"href":"https:\/\/santemc.quebec\/icentre\/wp-json\/wp\/v2\/posts\/190695\/revisions"}],"predecessor-version":[{"id":190698,"href":"https:\/\/santemc.quebec\/icentre\/wp-json\/wp\/v2\/posts\/190695\/revisions\/190698"}],"wp:attachment":[{"href":"https:\/\/santemc.quebec\/icentre\/wp-json\/wp\/v2\/media?parent=190695"}],"wp:term":[{"taxonomy":"category","embeddable":true,"href":"https:\/\/santemc.quebec\/icentre\/wp-json\/wp\/v2\/categories?post=190695"},{"taxonomy":"post_tag","embeddable":true,"href":"https:\/\/santemc.quebec\/icentre\/wp-json\/wp\/v2\/tags?post=190695"}],"curies":[{"name":"wp","href":"https:\/\/api.w.org\/{rel}","templated":true}]}}