{"id":190759,"date":"2020-10-13T09:08:55","date_gmt":"2020-10-13T13:08:55","guid":{"rendered":"http:\/\/santemc.quebec\/icentre\/?p=190759"},"modified":"2020-10-13T09:08:55","modified_gmt":"2020-10-13T13:08:55","slug":"quelques-conseils-pour-favoriser-la-sante-visuelle-des-enfants","status":"publish","type":"post","link":"https:\/\/santemc.quebec\/icentre\/quelques-conseils-pour-favoriser-la-sante-visuelle-des-enfants\/","title":{"rendered":"Quelques conseils pour favoriser la sant\u00e9 visuelle des enfants"},"content":{"rendered":"<p><a href=\"https:\/\/santemc.quebec\/santemc\/icentre\/wp-content\/uploads\/2020\/10\/FiveSmilingChildren-scaled.jpg\"><img decoding=\"async\" loading=\"lazy\" class=\" wp-image-190760 alignleft\" src=\"https:\/\/santemc.quebec\/santemc\/icentre\/wp-content\/uploads\/2020\/10\/FiveSmilingChildren-200x300.jpg\" alt=\"\" width=\"113\" height=\"166\" \/><\/a>En ce mois de la sant\u00e9 visuelle des enfants, Vincent Moore, optom\u00e9triste au Service de basse vision de l\u2019Institut Nazareth et Louis-Braille (INLB), vous invite \u00e0 prendre connaissance de ces quelques recommandations pour contribuer au bon d\u00e9veloppement de la vue.<\/p>\n<p><!--more--><\/p>\n<p>La vision joue un r\u00f4le de premier plan dans la croissance chez l\u2019enfant, puisque 80 % de l\u2019apprentissage se fait au moyen du syst\u00e8me visuel. Un probl\u00e8me de vision non d\u00e9tect\u00e9 peut donc grandement nuire \u00e0 la r\u00e9ussite scolaire et au d\u00e9veloppement des habilet\u00e9s motrices et cognitives de l\u2019enfant. C\u2019est pourquoi durant leur premi\u00e8re ann\u00e9e de vie, tous les enfants devraient passer un examen visuel ou du moins un d\u00e9pistage pour d\u00e9tecter toute trace de trouble de la vision ou de maladie oculaire.<\/p>\n<p>Un deuxi\u00e8me examen de la vue devrait \u00eatre fait \u00e0 l\u2019\u00e2ge de 3 ans, puis l\u2019examen devrait \u00eatre refait annuellement durant tout le parcours scolaire. Il est important de savoir que les frais de l\u2019examen optom\u00e9trique sont rembours\u00e9s par la R\u00e9gie de l\u2019assurance maladie du Qu\u00e9bec (RAMQ) pour les enfants de 0 \u00e0 17 ans. De plus, une partie des co\u00fbts des lunettes et des lentilles corn\u00e9ennes est aussi rembours\u00e9e par la RAMQ depuis 2019. L\u2019enfant qui souffre d\u2019un trouble de vision ne l\u2019exprimera pas clairement, mais quelques indices pourraient toutefois vous alerter. Il est important d\u2019\u00eatre attentif si un enfant :<\/p>\n<ul>\n<li>cligne souvent des yeux, plisse le front ou se frotte les yeux;<\/li>\n<li>se plaint de douleurs \u00e0 la t\u00eate ou de fatigue;<\/li>\n<li>est tr\u00e8s sensible \u00e0 la lumi\u00e8re et larmoie beaucoup, comme s\u2019il pleurait;<\/li>\n<li>se cogne partout et a de la difficult\u00e9 \u00e0 s\u2019orienter;<\/li>\n<li>a un \u0153il qui semble d\u00e9vier ou loucher.<\/li>\n<\/ul>\n<p>Finalement, voici trois recommandations \u00e0 suivre pour permettre aux enfants de conserver une bonne vision.<\/p>\n<ul>\n<li>Le port d\u2019une lunette soleil et d\u2019un chapeau est recommand\u00e9 lors des p\u00e9riodes d\u2019exposition prolong\u00e9es au soleil.<\/li>\n<li>Le temps d\u2019utilisation des \u00e9crans (ordinateur, tablettes, t\u00e9l\u00e9phones) devrait \u00eatre limit\u00e9. On sugg\u00e8re aucune exposition avant l\u2019\u00e2ge de 2 ans, moins d\u2019une heure par jour de 2 \u00e0 5 ans et moins de 2 heures par jour de 5 \u00e0 18 ans.<\/li>\n<li>Une p\u00e9riode d\u2019une heure par jour au minimum devrait \u00eatre r\u00e9serv\u00e9e \u00e0 la pratique d\u2019activit\u00e9s \u00e0 l\u2019ext\u00e9rieur.<\/li>\n<\/ul>\n<p>Source\u00a0: Association des Optom\u00e9tristes du Qu\u00e9bec<br \/>\n<a href=\"https:\/\/www.aoqnet.qc.ca\" target=\"_blank\" rel=\"noopener noreferrer\">https:\/\/www.aoqnet.qc.ca<\/a><\/p>\n","protected":false},"excerpt":{"rendered":"<p>En ce mois de la sant\u00e9 visuelle des enfants, Vincent Moore, optom\u00e9triste au Service de basse vision de l\u2019Institut Nazareth et Louis-Braille (INLB), vous invite \u00e0 prendre connaissance de ces quelques recommandations pour contribuer au bon d\u00e9veloppement de la vue.<\/p>\n","protected":false},"author":9,"featured_media":0,"comment_status":"open","ping_status":"closed","sticky":false,"template":"","format":"standard","meta":{"footnotes":""},"categories":[1],"tags":[],"_links":{"self":[{"href":"https:\/\/santemc.quebec\/icentre\/wp-json\/wp\/v2\/posts\/190759"}],"collection":[{"href":"https:\/\/santemc.quebec\/icentre\/wp-json\/wp\/v2\/posts"}],"about":[{"href":"https:\/\/santemc.quebec\/icentre\/wp-json\/wp\/v2\/types\/post"}],"author":[{"embeddable":true,"href":"https:\/\/santemc.quebec\/icentre\/wp-json\/wp\/v2\/users\/9"}],"replies":[{"embeddable":true,"href":"https:\/\/santemc.quebec\/icentre\/wp-json\/wp\/v2\/comments?post=190759"}],"version-history":[{"count":1,"href":"https:\/\/santemc.quebec\/icentre\/wp-json\/wp\/v2\/posts\/190759\/revisions"}],"predecessor-version":[{"id":190761,"href":"https:\/\/santemc.quebec\/icentre\/wp-json\/wp\/v2\/posts\/190759\/revisions\/190761"}],"wp:attachment":[{"href":"https:\/\/santemc.quebec\/icentre\/wp-json\/wp\/v2\/media?parent=190759"}],"wp:term":[{"taxonomy":"category","embeddable":true,"href":"https:\/\/santemc.quebec\/icentre\/wp-json\/wp\/v2\/categories?post=190759"},{"taxonomy":"post_tag","embeddable":true,"href":"https:\/\/santemc.quebec\/icentre\/wp-json\/wp\/v2\/tags?post=190759"}],"curies":[{"name":"wp","href":"https:\/\/api.w.org\/{rel}","templated":true}]}}