{"id":190775,"date":"2020-10-13T11:05:15","date_gmt":"2020-10-13T15:05:15","guid":{"rendered":"http:\/\/santemc.quebec\/icentre\/?p=190775"},"modified":"2020-10-13T18:14:15","modified_gmt":"2020-10-13T22:14:15","slug":"comment-transformer-un-hotel-en-unite-dhebergement","status":"publish","type":"post","link":"https:\/\/santemc.quebec\/icentre\/comment-transformer-un-hotel-en-unite-dhebergement\/","title":{"rendered":"Comment transformer un h\u00f4tel en unit\u00e9 d\u2019h\u00e9bergement"},"content":{"rendered":"<p><a href=\"https:\/\/santemc.quebec\/santemc\/icentre\/wp-content\/uploads\/2020\/10\/Chambre_SNT_IMG_1266.jpg\"><img decoding=\"async\" loading=\"lazy\" class=\"size-medium wp-image-190779 alignleft\" src=\"https:\/\/santemc.quebec\/santemc\/icentre\/wp-content\/uploads\/2020\/10\/Chambre_SNT_IMG_1266-225x300.jpg\" alt=\"\" width=\"225\" height=\"300\" srcset=\"https:\/\/santemc.quebec\/santemc\/icentre\/wp-content\/uploads\/2020\/10\/Chambre_SNT_IMG_1266-225x300.jpg 225w, https:\/\/santemc.quebec\/santemc\/icentre\/wp-content\/uploads\/2020\/10\/Chambre_SNT_IMG_1266-768x1024.jpg 768w, https:\/\/santemc.quebec\/santemc\/icentre\/wp-content\/uploads\/2020\/10\/Chambre_SNT_IMG_1266.jpg 960w\" sizes=\"(max-width: 225px) 100vw, 225px\" \/><\/a>La m\u00e9tamorphose d\u2019une section d\u2019un h\u00f4tel de la r\u00e9gion en une unit\u00e9 de soins permet d\u2019h\u00e9berger temporairement les personnes en perte d\u2019autonomie qui n\u2019ont plus besoin d\u2019\u00eatre trait\u00e9es en milieu hospitalier, mais qui ne peuvent int\u00e9grer un milieu de vie en raison de la consigne d\u2019isolement de 14 jours suivant une hospitalisation. L\u2019ouverture de ce site vise donc \u00e0 lib\u00e9rer des lits \u00e0 l\u2019H\u00f4pital Charles-Le Moyne et \u00e0 l\u2019H\u00f4pital du Haut-Richelieu pour la client\u00e8le qui n\u2019a plus besoin du plateau technique. Ce site non traditionnel (SNT) a accueilli ses premiers usagers vendredi dernier.<\/p>\n<p><!--more--><\/p>\n<p>Du personnel a aussi \u00e9t\u00e9 mobilis\u00e9 pour dispenser les soins aux usagers transf\u00e9r\u00e9s. Des infirmi\u00e8res, infirmi\u00e8res auxiliaires et pr\u00e9pos\u00e9s aux b\u00e9n\u00e9ficiaires ont \u00e9t\u00e9 recrut\u00e9s pour travailler sur ce site. Une gestionnaire de la Direction des programmes d\u00e9ficiences (DI-TSA, DP et DV), Annik Gemme, a accept\u00e9 de d\u00e9lester ses activit\u00e9s r\u00e9guli\u00e8res pour prendre en charge la gestion du site.<\/p>\n<p><strong>R\u00e9am\u00e9nager un \u00e9tage complet<br \/>\n<\/strong>\u00c0 quoi ressemble un h\u00f4tel converti en SNT? Si certaines chambres et certains espaces de l\u2019\u00e9tage ont \u00e9t\u00e9 modifi\u00e9s pour accueillir le poste infirmier, les utilit\u00e9s propres et souill\u00e9es, la salle de repos du personnel, etc., la plupart des chambres ont \u00e9t\u00e9 r\u00e9am\u00e9nag\u00e9es avec des lits d\u2019h\u00f4pital et tout le n\u00e9cessaire pour accueillir la client\u00e8le en perte d\u2019autonomie. Des cloches d\u2019appel ont aussi \u00e9t\u00e9 install\u00e9es dans toutes les chambres pour assurer la s\u00e9curit\u00e9 des usagers.<\/p>\n<p><strong>Un travail de coordination efficace!<br \/>\n<\/strong>Pilot\u00e9 avec une grande efficience par la Direction SAPA, l\u2019ouverture de ce SNT a aussi mis \u00e0 contribution de nombreuses directions du CISSSMC. Ainsi, la direction du CISSS souhaite remercier chaleureusement toutes les personnes qui ont contribu\u00e9 \u00e0 ce projet important pour la client\u00e8le. Merci et bravo!<\/p>\n<p><a href=\"https:\/\/santemc.quebec\/santemc\/icentre\/wp-content\/uploads\/2020\/10\/Corridor-SNT_IMG_1268.jpg\"><img decoding=\"async\" loading=\"lazy\" class=\"alignleft wp-image-190780 size-medium\" src=\"https:\/\/santemc.quebec\/santemc\/icentre\/wp-content\/uploads\/2020\/10\/Corridor-SNT_IMG_1268-225x300.jpg\" alt=\"\" width=\"225\" height=\"300\" srcset=\"https:\/\/santemc.quebec\/santemc\/icentre\/wp-content\/uploads\/2020\/10\/Corridor-SNT_IMG_1268-225x300.jpg 225w, https:\/\/santemc.quebec\/santemc\/icentre\/wp-content\/uploads\/2020\/10\/Corridor-SNT_IMG_1268-768x1024.jpg 768w, https:\/\/santemc.quebec\/santemc\/icentre\/wp-content\/uploads\/2020\/10\/Corridor-SNT_IMG_1268.jpg 960w\" sizes=\"(max-width: 225px) 100vw, 225px\" \/><\/a><a href=\"https:\/\/santemc.quebec\/santemc\/icentre\/wp-content\/uploads\/2020\/10\/Chambre_SNT_2-IMG_1266.jpg\"><img decoding=\"async\" loading=\"lazy\" class=\"alignright wp-image-190778 size-medium\" src=\"https:\/\/santemc.quebec\/santemc\/icentre\/wp-content\/uploads\/2020\/10\/Chambre_SNT_2-IMG_1266-225x300.jpg\" alt=\"\" width=\"225\" height=\"300\" srcset=\"https:\/\/santemc.quebec\/santemc\/icentre\/wp-content\/uploads\/2020\/10\/Chambre_SNT_2-IMG_1266-225x300.jpg 225w, https:\/\/santemc.quebec\/santemc\/icentre\/wp-content\/uploads\/2020\/10\/Chambre_SNT_2-IMG_1266-768x1024.jpg 768w, https:\/\/santemc.quebec\/santemc\/icentre\/wp-content\/uploads\/2020\/10\/Chambre_SNT_2-IMG_1266.jpg 960w\" sizes=\"(max-width: 225px) 100vw, 225px\" \/><\/a><\/p>\n","protected":false},"excerpt":{"rendered":"<p>La m\u00e9tamorphose d\u2019une section d\u2019un h\u00f4tel de la r\u00e9gion en une unit\u00e9 de soins permet d\u2019h\u00e9berger temporairement les personnes en perte d\u2019autonomie qui n\u2019ont plus besoin d\u2019\u00eatre trait\u00e9es en milieu hospitalier, mais qui ne peuvent int\u00e9grer un milieu de vie &hellip; <a href=\"https:\/\/santemc.quebec\/icentre\/comment-transformer-un-hotel-en-unite-dhebergement\/\">Continuer la lecture <span class=\"meta-nav\">&rarr;<\/span><\/a><\/p>\n","protected":false},"author":9,"featured_media":0,"comment_status":"open","ping_status":"closed","sticky":false,"template":"","format":"standard","meta":{"footnotes":""},"categories":[1],"tags":[],"_links":{"self":[{"href":"https:\/\/santemc.quebec\/icentre\/wp-json\/wp\/v2\/posts\/190775"}],"collection":[{"href":"https:\/\/santemc.quebec\/icentre\/wp-json\/wp\/v2\/posts"}],"about":[{"href":"https:\/\/santemc.quebec\/icentre\/wp-json\/wp\/v2\/types\/post"}],"author":[{"embeddable":true,"href":"https:\/\/santemc.quebec\/icentre\/wp-json\/wp\/v2\/users\/9"}],"replies":[{"embeddable":true,"href":"https:\/\/santemc.quebec\/icentre\/wp-json\/wp\/v2\/comments?post=190775"}],"version-history":[{"count":12,"href":"https:\/\/santemc.quebec\/icentre\/wp-json\/wp\/v2\/posts\/190775\/revisions"}],"predecessor-version":[{"id":190803,"href":"https:\/\/santemc.quebec\/icentre\/wp-json\/wp\/v2\/posts\/190775\/revisions\/190803"}],"wp:attachment":[{"href":"https:\/\/santemc.quebec\/icentre\/wp-json\/wp\/v2\/media?parent=190775"}],"wp:term":[{"taxonomy":"category","embeddable":true,"href":"https:\/\/santemc.quebec\/icentre\/wp-json\/wp\/v2\/categories?post=190775"},{"taxonomy":"post_tag","embeddable":true,"href":"https:\/\/santemc.quebec\/icentre\/wp-json\/wp\/v2\/tags?post=190775"}],"curies":[{"name":"wp","href":"https:\/\/api.w.org\/{rel}","templated":true}]}}