{"id":190826,"date":"2020-10-14T15:13:46","date_gmt":"2020-10-14T19:13:46","guid":{"rendered":"http:\/\/santemc.quebec\/icentre\/?p=190826"},"modified":"2020-10-14T15:13:46","modified_gmt":"2020-10-14T19:13:46","slug":"deux-associations-porteuses-pour-le-centre-de-recherche-charles-le-moyne-saguenay-lac-saint-jean-sur-les-innovations-en-sante-cr-csis","status":"publish","type":"post","link":"https:\/\/santemc.quebec\/icentre\/deux-associations-porteuses-pour-le-centre-de-recherche-charles-le-moyne-saguenay-lac-saint-jean-sur-les-innovations-en-sante-cr-csis\/","title":{"rendered":"Deux associations porteuses pour le Centre de recherche Charles-Le Moyne \u2013 Saguenay \u2013 Lac-Saint-Jean sur les innovations en sant\u00e9 (CR-CSIS)"},"content":{"rendered":"<p>Le Centre de recherche Charles-Le Moyne \u2013 Saguenay \u2013 Lac-Saint-Jean sur les innovations en sant\u00e9 (CR-CSIS) a r\u00e9cemment sign\u00e9 deux ententes significatives, tant pour les \u00e9quipes de recherche clinique que pour les patients de la r\u00e9gion.<!--more--><\/p>\n<p><a href=\"https:\/\/santemc.quebec\/santemc\/icentre\/wp-content\/uploads\/2020\/10\/mcPeakSirois.png\"><img decoding=\"async\" loading=\"lazy\" class=\"size-full wp-image-190827 alignleft\" src=\"https:\/\/santemc.quebec\/santemc\/icentre\/wp-content\/uploads\/2020\/10\/mcPeakSirois.png\" alt=\"\" width=\"200\" height=\"200\" srcset=\"https:\/\/santemc.quebec\/santemc\/icentre\/wp-content\/uploads\/2020\/10\/mcPeakSirois.png 200w, https:\/\/santemc.quebec\/santemc\/icentre\/wp-content\/uploads\/2020\/10\/mcPeakSirois-150x150.png 150w\" sizes=\"(max-width: 200px) 100vw, 200px\" \/><\/a>En effet, le centre de recherche a r\u00e9cemment adh\u00e9r\u00e9 au <strong>groupe de recherche clinique en cancer du sein Mc Peak-Sirois<\/strong>. Cette association permettra \u00e0 nos \u00e9quipes de recherche d\u2019avoir acc\u00e8s \u00e0 de plus nombreux protocoles de recherche gr\u00e2ce, entre autres, au partage d\u2019exp\u00e9riences et d\u2019expertise des neuf organisations membres du groupe McPeak-Sirois.<\/p>\n<p>Pour les patientes suivies au Centre int\u00e9gr\u00e9 de canc\u00e9rologie de la Mont\u00e9r\u00e9gie (CICM) pour un cancer du sein, cette association se traduira, \u00e9ventuellement, par un acc\u00e8s plus larges \u00e0 des traitements exp\u00e9rimentaux prometteurs. Cette nouvelle association acc\u00e9l\u00e8rera aussi l&rsquo;implantation des protocoles, gr\u00e2ce au soutien au administratif et l\u00e9gal offert par le groupe.<\/p>\n<p>Le CR-CSIS s\u2019est \u00e9galement joint au <strong>Consortium de recherche en oncologie clinique du <a href=\"https:\/\/santemc.quebec\/santemc\/icentre\/wp-content\/uploads\/2020\/10\/qcroc.png\"><img decoding=\"async\" loading=\"lazy\" class=\"alignright wp-image-190828\" src=\"https:\/\/santemc.quebec\/santemc\/icentre\/wp-content\/uploads\/2020\/10\/qcroc.png\" alt=\"\" width=\"238\" height=\"134\" \/><\/a>Qu\u00e9bec<\/strong>, le Q-CROC. Cette association avec le plus gros regroupement de recherche clinique en oncologie permettra \u00e0 nos \u00e9quipes cliniques et de recherche d&rsquo;optimiser leurs strat\u00e9gies de recrutement de patients d\u2019obtenir des formations de pointe dans le domaine de la recherche clinique.<\/p>\n<p>Ces deux associations sont d\u2019excellentes nouvelles pour l\u2019organisation, son offre de services en oncologie et le d\u00e9veloppement de connaissances et de savoirs en mati\u00e8re de traitements pour les patients atteints de cancer.<\/p>\n<p>F\u00e9licitations au CR-CSIS et \u00e0 ses \u00e9quipes pour ces associations porteuses!<\/p>\n","protected":false},"excerpt":{"rendered":"<p>Le Centre de recherche Charles-Le Moyne \u2013 Saguenay \u2013 Lac-Saint-Jean sur les innovations en sant\u00e9 (CR-CSIS) a r\u00e9cemment sign\u00e9 deux ententes significatives, tant pour les \u00e9quipes de recherche clinique que pour les patients de la r\u00e9gion.<\/p>\n","protected":false},"author":32,"featured_media":0,"comment_status":"open","ping_status":"closed","sticky":false,"template":"","format":"standard","meta":{"footnotes":""},"categories":[1],"tags":[],"_links":{"self":[{"href":"https:\/\/santemc.quebec\/icentre\/wp-json\/wp\/v2\/posts\/190826"}],"collection":[{"href":"https:\/\/santemc.quebec\/icentre\/wp-json\/wp\/v2\/posts"}],"about":[{"href":"https:\/\/santemc.quebec\/icentre\/wp-json\/wp\/v2\/types\/post"}],"author":[{"embeddable":true,"href":"https:\/\/santemc.quebec\/icentre\/wp-json\/wp\/v2\/users\/32"}],"replies":[{"embeddable":true,"href":"https:\/\/santemc.quebec\/icentre\/wp-json\/wp\/v2\/comments?post=190826"}],"version-history":[{"count":1,"href":"https:\/\/santemc.quebec\/icentre\/wp-json\/wp\/v2\/posts\/190826\/revisions"}],"predecessor-version":[{"id":190829,"href":"https:\/\/santemc.quebec\/icentre\/wp-json\/wp\/v2\/posts\/190826\/revisions\/190829"}],"wp:attachment":[{"href":"https:\/\/santemc.quebec\/icentre\/wp-json\/wp\/v2\/media?parent=190826"}],"wp:term":[{"taxonomy":"category","embeddable":true,"href":"https:\/\/santemc.quebec\/icentre\/wp-json\/wp\/v2\/categories?post=190826"},{"taxonomy":"post_tag","embeddable":true,"href":"https:\/\/santemc.quebec\/icentre\/wp-json\/wp\/v2\/tags?post=190826"}],"curies":[{"name":"wp","href":"https:\/\/api.w.org\/{rel}","templated":true}]}}