{"id":190835,"date":"2020-10-14T17:54:38","date_gmt":"2020-10-14T21:54:38","guid":{"rendered":"http:\/\/santemc.quebec\/icentre\/?p=190835"},"modified":"2020-10-14T17:57:16","modified_gmt":"2020-10-14T21:57:16","slug":"mise-a-jour-des-paliers-dalerte-au-cisss-de-la-monteregie-centre","status":"publish","type":"post","link":"https:\/\/santemc.quebec\/icentre\/mise-a-jour-des-paliers-dalerte-au-cisss-de-la-monteregie-centre\/","title":{"rendered":"Mise \u00e0 jour des paliers d\u2019alerte au CISSS de la Mont\u00e9r\u00e9gie-Centre"},"content":{"rendered":"<p>Lors de son point de presse du 13 octobre dernier, le gouvernement du Qu\u00e9bec a annonc\u00e9 le passage de toute la r\u00e9gion de la Mont\u00e9r\u00e9gie au palier 4 &#8211; alerte maximale (zone rouge). Ainsi, \u00e0 partir de minuit dans la nuit du jeudi 15 octobre au vendredi 16 octobre, l\u2019ensemble de nos installations du CISSS seront en zone rouge.<!--more--><\/p>\n<p>Veuillez noter que pour ce qui est des mesures s\u2019appliquant aux \u00e9coles et aux sports, celles-ci entreront en vigueur \u00e0 minuit dans la nuit du dimanche 18 octobre au lundi 19 octobre.<\/p>\n<p>Pour conna\u00eetre en d\u00e9tails les diff\u00e9rentes mesures sanitaires en vigueur selon les paliers d\u2019alerte, vous pouvez visiter le site Web du gouvernement du Qu\u00e9bec en <a href=\"https:\/\/www.quebec.ca\/sante\/problemes-de-sante\/a-z\/coronavirus-2019\/systeme-alertes-regionales-et-intervention-graduelle\/cartes-paliers-alerte-covid-19-par-region\/\" target=\"_blank\" rel=\"noopener noreferrer\">cliquant ici<\/a>.<\/p>\n<p>Afin de vous aider \u00e0 bien distinguer les nouvelles zones rouges, voici un tableau des municipalit\u00e9s de notre territoire, selon la date d\u2019entr\u00e9e des mesures du palier d\u2019alerte.<\/p>\n<p><a href=\"https:\/\/santemc.quebec\/santemc\/icentre\/wp-content\/uploads\/2020\/10\/palier-rouge.png\"><img decoding=\"async\" loading=\"lazy\" class=\"alignnone size-full wp-image-190836\" src=\"https:\/\/santemc.quebec\/santemc\/icentre\/wp-content\/uploads\/2020\/10\/palier-rouge.png\" alt=\"\" width=\"595\" height=\"493\" srcset=\"https:\/\/santemc.quebec\/santemc\/icentre\/wp-content\/uploads\/2020\/10\/palier-rouge.png 595w, https:\/\/santemc.quebec\/santemc\/icentre\/wp-content\/uploads\/2020\/10\/palier-rouge-300x249.png 300w, https:\/\/santemc.quebec\/santemc\/icentre\/wp-content\/uploads\/2020\/10\/palier-rouge-362x300.png 362w\" sizes=\"(max-width: 595px) 100vw, 595px\" \/><\/a><\/p>\n<p>&nbsp;<\/p>\n","protected":false},"excerpt":{"rendered":"<p>Lors de son point de presse du 13 octobre dernier, le gouvernement du Qu\u00e9bec a annonc\u00e9 le passage de toute la r\u00e9gion de la Mont\u00e9r\u00e9gie au palier 4 &#8211; alerte maximale (zone rouge). Ainsi, \u00e0 partir de minuit dans la &hellip; <a href=\"https:\/\/santemc.quebec\/icentre\/mise-a-jour-des-paliers-dalerte-au-cisss-de-la-monteregie-centre\/\">Continuer la lecture <span class=\"meta-nav\">&rarr;<\/span><\/a><\/p>\n","protected":false},"author":1,"featured_media":0,"comment_status":"open","ping_status":"closed","sticky":false,"template":"","format":"standard","meta":{"footnotes":""},"categories":[1],"tags":[],"_links":{"self":[{"href":"https:\/\/santemc.quebec\/icentre\/wp-json\/wp\/v2\/posts\/190835"}],"collection":[{"href":"https:\/\/santemc.quebec\/icentre\/wp-json\/wp\/v2\/posts"}],"about":[{"href":"https:\/\/santemc.quebec\/icentre\/wp-json\/wp\/v2\/types\/post"}],"author":[{"embeddable":true,"href":"https:\/\/santemc.quebec\/icentre\/wp-json\/wp\/v2\/users\/1"}],"replies":[{"embeddable":true,"href":"https:\/\/santemc.quebec\/icentre\/wp-json\/wp\/v2\/comments?post=190835"}],"version-history":[{"count":2,"href":"https:\/\/santemc.quebec\/icentre\/wp-json\/wp\/v2\/posts\/190835\/revisions"}],"predecessor-version":[{"id":190838,"href":"https:\/\/santemc.quebec\/icentre\/wp-json\/wp\/v2\/posts\/190835\/revisions\/190838"}],"wp:attachment":[{"href":"https:\/\/santemc.quebec\/icentre\/wp-json\/wp\/v2\/media?parent=190835"}],"wp:term":[{"taxonomy":"category","embeddable":true,"href":"https:\/\/santemc.quebec\/icentre\/wp-json\/wp\/v2\/categories?post=190835"},{"taxonomy":"post_tag","embeddable":true,"href":"https:\/\/santemc.quebec\/icentre\/wp-json\/wp\/v2\/tags?post=190835"}],"curies":[{"name":"wp","href":"https:\/\/api.w.org\/{rel}","templated":true}]}}