{"id":190849,"date":"2020-11-17T08:01:07","date_gmt":"2020-11-17T13:01:07","guid":{"rendered":"http:\/\/santemc.quebec\/icentre\/?p=190849"},"modified":"2020-11-18T09:42:22","modified_gmt":"2020-11-18T14:42:22","slug":"flash-ca-les-nouvelles-de-la-seance-du-conseil-dadministration-du-2-fevrier-2017-copy-copy-copy-copy-copy-copy-copy-copy-copy-copy-copy-copy-copy-copy-copy-copy-copy-copy-copy","status":"publish","type":"post","link":"https:\/\/santemc.quebec\/icentre\/flash-ca-les-nouvelles-de-la-seance-du-conseil-dadministration-du-2-fevrier-2017-copy-copy-copy-copy-copy-copy-copy-copy-copy-copy-copy-copy-copy-copy-copy-copy-copy-copy-copy\/","title":{"rendered":"Flash CA \u2013 Les nouvelles de la s\u00e9ance du conseil d\u2019administration du 24 septembre"},"content":{"rendered":"<p><strong><img decoding=\"async\" loading=\"lazy\" class=\"alignleft wp-image-1416 size-thumbnail\" src=\"http:\/\/santemc.quebec\/santemc\/icentre\/wp-content\/uploads\/2015\/12\/flashcaicentre-150x150.jpg\" alt=\"flashcaicentre\" width=\"150\" height=\"150\" srcset=\"https:\/\/santemc.quebec\/santemc\/icentre\/wp-content\/uploads\/2015\/12\/flashcaicentre-150x150.jpg 150w, https:\/\/santemc.quebec\/santemc\/icentre\/wp-content\/uploads\/2015\/12\/flashcaicentre-300x300.jpg 300w, https:\/\/santemc.quebec\/santemc\/icentre\/wp-content\/uploads\/2015\/12\/flashcaicentre.jpg 400w\" sizes=\"(max-width: 150px) 100vw, 150px\" \/><\/strong>Le Flash CA revient sur les points d&rsquo;information et les grands dossiers organisationnels qui sont discut\u00e9s aux s\u00e9ances publiques du conseil d\u2019administration du CISSS de la Mont\u00e9r\u00e9gie-Centre.<\/p>\n<p>Consultez aussi la <a href=\"https:\/\/santemc.quebec\/santemc\/icentre\/wp-content\/uploads\/2020\/11\/flashCA_20200924_VF.pdf\" target=\"_blank\" rel=\"noopener noreferrer\">version PDF du Flash CA<\/a>.<\/p>\n<p><!--more--><\/p>\n<p><strong style=\"color: #ff6600;\"><strong>PERFORMANCE ET QUALIT\u00c9<\/strong><\/strong><\/p>\n<p><b>Portrait-synth\u00e8se <\/b><b>des incidents et accidents \u2013 p\u00e9riodes 1 \u00e0 <\/b><b>3<\/b><\/p>\n<p>Le conseil d\u2019administration a pris acte des r\u00e9sultats concernant les incidents et accidents pour l\u2019exercice 2019-2020.<\/p>\n<ul>\n<li>On note une baisse des activit\u00e9s de l\u2019ordre de 11 % depuis le d\u00e9but de la pand\u00e9mie COVID-19.<\/li>\n<li>La majorit\u00e9 des d\u00e9clarations rapport\u00e9es sont en lien avec des accidents mineurs; il faut se rappeler que les incidents\/accidents de faible gravit\u00e9 (A, B et C) ne requi\u00e8rent pas de divulgation et ne sont pas encore tous d\u00e9clar\u00e9s malgr\u00e9 la mise en place d\u2019une culture de d\u00e9claration, et non de bl\u00e2me, permettant d\u2019identifier et de corriger rapidement les situations \u00e0 risques.<\/li>\n<li>Les d\u00e9clarations de chutes et d\u2019erreurs m\u00e9dicales demeurent toujours les accidents les plus d\u00e9clar\u00e9s.<\/li>\n<li>On note 5 \u00e9v\u00e9nements sentinelles.<\/li>\n<li>L\u2019\u00e9tablissement a re\u00e7u un seul rapport d\u2019investigation du Coroner dont les recommandations ont toutes \u00e9t\u00e9 mises en application.<\/li>\n<li>Au total, il y a eu 31 r\u00e9clamations repr\u00e9sentant un montant d\u2019environ 20\u00a0000\u00a0$.<\/li>\n<\/ul>\n<p><b>Contrat <\/b><b>d\u2019affiliation avec l\u2019Universit\u00e9 de Sherbrooke<\/b><\/p>\n<p>Le conseil d\u2019administration a approuv\u00e9 le contrat d&rsquo;affiliation avec l&rsquo;Universit\u00e9 de Sherbrooke qui venait \u00e0 \u00e9ch\u00e9ance et qui est renouvelable tous les cinq ans. Il s\u2019agit en fait d\u2019une affiliation et d\u2019une collaboration fructueuse entre l\u2019\u00e9tablissement et l\u2019Universit\u00e9 de Sherbrooke qui dure depuis 28 ans. Ce contrat d&rsquo;affiliation permet de collaborer \u00e0 l&rsquo;avancement de la connaissance, de d\u00e9velopper la mission universitaire et de contribuer \u00e0 l&rsquo;am\u00e9lioration des soins, \u00e0 la formation des stagiaires en m\u00e9decine et de tous les autres programmes de la sant\u00e9. Il se veut un contrat permettant le d\u00e9veloppement de l&rsquo;enseignement et de la recherche pour le bienfait des soins \u00e0 la population servie par le CISSS de la Mont\u00e9r\u00e9gie-Centre.<\/p>\n<p><b>Motions de f\u00e9licitations \u2013 <\/b><b>Dre <\/b><b>Chantal V<\/b><b>all\u00e9e<\/b><\/p>\n<p>Dre Chantal Vall\u00e9e, directrice des services professionnels adjointe &#8211; m\u00e9dical et chef de d\u00e9partement de m\u00e9decine sp\u00e9cialis\u00e9e du CISSS de la Mont\u00e9r\u00e9gie-Centre, re\u00e7oit une motion de f\u00e9licitations du conseil d\u2019administration pour sa promotion, en juin 2020, au rang de professeur titulaire de l\u2019Universit\u00e9 de Sherbrooke. Dre Vall\u00e9e apporte une contribution significative dans l\u2019enseignement de la m\u00e9decine, la recherche et la participation \u00e0 la vie universitaire. Elle occupe de nombreuses fonctions de leadership et de conseil, autant \u00e0 l\u2019Universit\u00e9 de Sherbrooke qu\u2019au sein du CISSS de la Mont\u00e9r\u00e9gie-Centre. Les membres souhaitent souligner le rayonnement professionnel de Dre Chantal Vall\u00e9e, non seulement dans le r\u00e9seau de sant\u00e9 et des services sociaux, mais aussi dans le milieu de la recherche et le milieu universitaire.<\/p>\n<p><strong style=\"color: #ff6600;\">AFFAIRES FINANCI\u00c8RES<\/strong><\/p>\n<p><b>Acte <\/b><b>de cession de propri\u00e9t\u00e9 de la Fondation H\u00f4pital <\/b><b>Charles-<\/b><b>LeMoyne<\/b><\/p>\n<p>La Fondation H\u00f4pital Charles-LeMoyne exploitait, depuis des ann\u00e9es, la gestion du stationnement de l\u2019h\u00f4pital. Afin de pouvoir augmenter le nombre de places de stationnement, la Fondation a acquis, au cours des derni\u00e8res ann\u00e9es, plusieurs terrains et immeubles \u00e0 proximit\u00e9 de l\u2019h\u00f4pital. \u00c0 la suite de l\u2019arr\u00eat de ses activit\u00e9s accessoires de gestion du stationnement, la Fondation proc\u00e8de \u00e0 la cession de ces terrains et immeubles sous forme de donation au CISSS de la Mont\u00e9r\u00e9gie-Centre. Le conseil d\u2019administration autorise le CISSS de la Mont\u00e9r\u00e9gie-Centre \u00e0 acqu\u00e9rir lesdits titres de propri\u00e9t\u00e9s de la Fondation H\u00f4pital Charles-LeMoyne, et ce, par cession sous forme de donation.<\/p>\n<p><strong style=\"color: #ff6600;\">AFFAIRES COURANTES<\/strong><\/p>\n<p><b>R\u00e8gles <\/b><b>de <\/b><b>gouvernance<\/b><\/p>\n<p>Les politiques suivantes ont \u00e9t\u00e9 r\u00e9vis\u00e9es et approuv\u00e9es\u00a0:<\/p>\n<ul>\n<li style=\"list-style-type: none;\">\n<ul>\n<li>Politique sur la reconnaissance de la contribution des membres du conseil d\u2019administration du CISSS de la Mont\u00e9r\u00e9gie-Centre;<\/li>\n<li>Politique sur le transfert de l\u2019information aux points de transition des soins et services pour l\u2019usager inscrit ou admis;<\/li>\n<li>Politique sur l\u2019utilisation des cabinets automatis\u00e9s d\u00e9centralis\u00e9s (CAD);<\/li>\n<li>Politique sur la gestion du parc de stationnement.<\/li>\n<\/ul>\n<\/li>\n<\/ul>\n<p><b>Conseil des m\u00e9decins, dentistes et pharmaciens (CMDP<\/b><b>)<\/b><\/p>\n<p>Sur recommandation du comit\u00e9 ex\u00e9cutif du CMDP, le conseil a :<\/p>\n<ul>\n<li>nomm\u00e9 2 m\u00e9decins omnipraticiens, 6 m\u00e9decins sp\u00e9cialistes et 1 pharmacien;<\/li>\n<li>modifi\u00e9 les privil\u00e8ges de pratique de 3 membres du CMDP;<\/li>\n<li>octroy\u00e9 un privil\u00e8ge d\u2019exercice de la recherche \u00e0 3 membres du CMDP;<\/li>\n<li>pris acte des demandes de cong\u00e9 de service de 12 membres du CMDP et du d\u00e9part de 10 membres du CMDP;<\/li>\n<li>nomm\u00e9 un membre honoraire du CMDP.<\/li>\n<\/ul>\n<p><b>Autres approbations\u00a0<\/b><b>:<\/b><\/p>\n<ul>\n<li>Nomination et renouvellement de mandat de membres du comit\u00e9 d\u2019\u00e9thique de la recherche des \u00e9tablissements du Centre de recherche interdisciplinaire en r\u00e9adaptation (C\u00c9R-CRIR).<\/li>\n<li>Octroi du privil\u00e8ge d\u2019exercice de la recherche \u00e0 un membre du personnel.<\/li>\n<\/ul>\n<p><b>Rapports<\/b><\/p>\n<ul>\n<li>Une demande de report du d\u00e9p\u00f4t du rapport annuel 2019-2020 du conseil multidisciplinaire a \u00e9t\u00e9 approuv\u00e9e par le conseil d\u2019administration.<\/li>\n<li>Le rapport annuel sur l&rsquo;application de la proc\u00e9dure d&rsquo;examen des plaintes et sur l&rsquo;am\u00e9lioration de la qualit\u00e9 des services 2019-2020 a \u00e9t\u00e9 adopt\u00e9 par le conseil d\u2019administration.<\/li>\n<li>Le rapport annuel du comit\u00e9 d&rsquo;\u00e9thique clinique (C\u00c9C) a \u00e9t\u00e9 pr\u00e9sent\u00e9 au conseil d\u2019\u2018administration.<\/li>\n<li>Les rapports annuels des comit\u00e9s des usagers du CISSS de la Mont\u00e9r\u00e9gie-Centre ont \u00e9t\u00e9 pr\u00e9sent\u00e9s au conseil d\u2019administration.<\/li>\n<\/ul>\n<p><b>Identit\u00e9 <\/b><b>de marque <\/b><b>organisationnelle<\/b><\/p>\n<p>Une d\u00e9marche pour cr\u00e9er une identit\u00e9 organisationnelle a d\u00e9but\u00e9 l&rsquo;hiver dernier afin de d\u00e9velopper un univers graphique complet selon les normes pr\u00e9vues au <i>Programme d\u2019identit\u00e9 visuelle<\/i> du gouvernement du Qu\u00e9bec. L\u2019identit\u00e9 de marque pour le recrutement et organisationnelle est pr\u00e9sent\u00e9e aux membres du conseil d\u2019administration.<\/p>\n<p>Prochaine s\u00e9ance du conseil<br \/>\nLe 26 novembre 2020, \u00e0 17 h.<\/p>\n<p>La population est invit\u00e9e \u00e0 la s\u00e9ance publique d\u2019information annuelle pour la pr\u00e9sentation du rapport annuel de gestion 2019-2020, le rapport financier annuel 2019-2020 ainsi que le rapport annuel sur l\u2019application de la proc\u00e9dure d\u2019examen des plaintes et l\u2019am\u00e9lioration de la qualit\u00e9 2019-2020 du CISSS de la Mont\u00e9r\u00e9gie-Centre. Cette assembl\u00e9e sera suivie de la s\u00e9ance r\u00e9guli\u00e8re du conseil d\u2019administration.<\/p>\n<p>Dans le contexte de la pand\u00e9mie de COVID-19, nous vous invitons \u00e0 consulter notre site Internet pour conna\u00eetre les modalit\u00e9s de la s\u00e9ance publique d\u2019information annuelle et la prochaine s\u00e9ance du conseil :<br \/>\n<a href=\"http:\/\/www.santemonteregie.qc.ca\/centre\/organisation\/conseil-dadministration\" target=\"_blank\" rel=\"noopener noreferrer\">www.santemonteregie.qc.ca\/centre\/organisation\/conseil-dadministration<\/a><\/p>\n<p>&nbsp;<\/p>\n","protected":false},"excerpt":{"rendered":"<p>Le Flash CA revient sur les points d&rsquo;information et les grands dossiers organisationnels qui sont discut\u00e9s aux s\u00e9ances publiques du conseil d\u2019administration du CISSS de la Mont\u00e9r\u00e9gie-Centre. Consultez aussi la version PDF du Flash CA.<\/p>\n","protected":false},"author":1,"featured_media":0,"comment_status":"open","ping_status":"closed","sticky":false,"template":"","format":"standard","meta":{"footnotes":""},"categories":[49],"tags":[51],"_links":{"self":[{"href":"https:\/\/santemc.quebec\/icentre\/wp-json\/wp\/v2\/posts\/190849"}],"collection":[{"href":"https:\/\/santemc.quebec\/icentre\/wp-json\/wp\/v2\/posts"}],"about":[{"href":"https:\/\/santemc.quebec\/icentre\/wp-json\/wp\/v2\/types\/post"}],"author":[{"embeddable":true,"href":"https:\/\/santemc.quebec\/icentre\/wp-json\/wp\/v2\/users\/1"}],"replies":[{"embeddable":true,"href":"https:\/\/santemc.quebec\/icentre\/wp-json\/wp\/v2\/comments?post=190849"}],"version-history":[{"count":7,"href":"https:\/\/santemc.quebec\/icentre\/wp-json\/wp\/v2\/posts\/190849\/revisions"}],"predecessor-version":[{"id":191658,"href":"https:\/\/santemc.quebec\/icentre\/wp-json\/wp\/v2\/posts\/190849\/revisions\/191658"}],"wp:attachment":[{"href":"https:\/\/santemc.quebec\/icentre\/wp-json\/wp\/v2\/media?parent=190849"}],"wp:term":[{"taxonomy":"category","embeddable":true,"href":"https:\/\/santemc.quebec\/icentre\/wp-json\/wp\/v2\/categories?post=190849"},{"taxonomy":"post_tag","embeddable":true,"href":"https:\/\/santemc.quebec\/icentre\/wp-json\/wp\/v2\/tags?post=190849"}],"curies":[{"name":"wp","href":"https:\/\/api.w.org\/{rel}","templated":true}]}}