{"id":190870,"date":"2020-10-15T15:26:34","date_gmt":"2020-10-15T19:26:34","guid":{"rendered":"http:\/\/santemc.quebec\/icentre\/?p=190870"},"modified":"2020-10-15T20:29:48","modified_gmt":"2020-10-16T00:29:48","slug":"la-nuit-des-sans-abri-edition-2020","status":"publish","type":"post","link":"https:\/\/santemc.quebec\/icentre\/la-nuit-des-sans-abri-edition-2020\/","title":{"rendered":"La nuit des sans-abri, \u00e9dition 2020"},"content":{"rendered":"<p><a href=\"https:\/\/santemc.quebec\/santemc\/icentre\/wp-content\/uploads\/2020\/10\/nuit_sans-abri.jpg\"><img decoding=\"async\" loading=\"lazy\" class=\"size-medium wp-image-190872 alignleft\" src=\"https:\/\/santemc.quebec\/santemc\/icentre\/wp-content\/uploads\/2020\/10\/nuit_sans-abri-300x111.jpg\" alt=\"\" width=\"300\" height=\"111\" srcset=\"https:\/\/santemc.quebec\/santemc\/icentre\/wp-content\/uploads\/2020\/10\/nuit_sans-abri-300x111.jpg 300w, https:\/\/santemc.quebec\/santemc\/icentre\/wp-content\/uploads\/2020\/10\/nuit_sans-abri-768x284.jpg 768w, https:\/\/santemc.quebec\/santemc\/icentre\/wp-content\/uploads\/2020\/10\/nuit_sans-abri-500x185.jpg 500w, https:\/\/santemc.quebec\/santemc\/icentre\/wp-content\/uploads\/2020\/10\/nuit_sans-abri.jpg 851w\" sizes=\"(max-width: 300px) 100vw, 300px\" \/><\/a>La 31<sup>e<\/sup> \u00e9dition de la Nuit des sans-abri, qui aura lieu le vendredi 16 octobre, vise \u00e0 sensibiliser la population aux situations de pauvret\u00e9, de d\u00e9saffiliation sociale et d\u2019itin\u00e9rance qui touchent de plus en plus de Qu\u00e9b\u00e9cois. L\u2019\u00e9v\u00e9nement se d\u00e9roulera cette ann\u00e9e de fa\u00e7on virtuelle dans plus d\u2019une trentaine de villes du Qu\u00e9bec.<\/p>\n<p><!--more--><\/p>\n<p>La Table Itin\u00e9rance Rive-Sud soulignera la <strong>Nuit des sans-abri de Longueuil <\/strong>en invitant la population \u00e0 participer \u00e0 un \u00e9v\u00e9nement Facebook en direct, le vendredi 16 octobre de 19 h \u00e0 19 h 30. En tant que porte-parole, le com\u00e9dien Vincent Graton, personnalit\u00e9 engag\u00e9e dans la communaut\u00e9, lancera cet \u00e9v\u00e9nement virtuel sous le th\u00e8me national de <em>L\u2019itin\u00e9rance parfois invisible mais bien r\u00e9elle!<\/em> \u00a0\u00c0 cette occasion, une vid\u00e9o d\u2019information sera pr\u00e9sent\u00e9e sur la r\u00e9alit\u00e9 de l\u2019itin\u00e9rance sur le territoire de Longueuil. Des intervenantes du CISSSMC qui \u0153uvrent dans l\u2019\u00e9quipe proximit\u00e9-itin\u00e9rance en feront partie.<\/p>\n<p>Joignez-vous \u00e0 cet \u00e9v\u00e9nement qui dressera le portrait de la progression de l\u2019itin\u00e9rance sur la Rive-Sud et d\u00e9montrera l\u2019importance d\u2019y apporter des solutions afin de soutenir les personnes exclues et fragilis\u00e9es de notre communaut\u00e9.<\/p>\n<p><strong>\u00c9v\u00e9nement Facebook en direct de la Nuit des sans-abri de Longueuil<\/strong><\/p>\n<p><strong>Quand?<\/strong><\/p>\n<ul>\n<li>Le vendredi 16 octobre 2020 de 19 h \u00e0 19 h 30<\/li>\n<\/ul>\n<p><strong>Comment y assister?<\/strong><\/p>\n<ul>\n<li>Rendez-vous sur la page Facebook de la Nuit des sans-abri de Longueuil<\/li>\n<\/ul>\n<p>Lien pour assister \u00e0 l\u2019\u00e9v\u00e9nement en direct<\/p>\n<ul>\n<li><a href=\"https:\/\/www.facebook.com\/nuitdessansabrideLongueuil\" target=\"_blank\" rel=\"noopener noreferrer\">https:\/\/www.facebook.com\/nuitdessansabrideLongueuil<\/a><\/li>\n<\/ul>\n<p><strong>Appel \u00e0 tous!<\/strong><\/p>\n<p>Les organismes communautaires de la Mont\u00e9r\u00e9gie qui \u0153uvrent aupr\u00e8s des personnes itin\u00e9rantes ou \u00e0 risque de le devenir ont besoin de vos dons pour pouvoir leur offrir des repas et des v\u00eatements chauds \u00e0 la veille de la saison hivernale. Cette ann\u00e9e, plus que jamais, n\u2019h\u00e9sitez pas \u00e0 faire don de v\u00eatements d\u2019hiver ou \u00e0 effectuer un don en argent \u00e0 l\u2019organisme le plus pr\u00e8s de chez vous dont la mission est de venir en aide aux personnes en situation d\u2019itin\u00e9rance.<\/p>\n","protected":false},"excerpt":{"rendered":"<p>La 31e \u00e9dition de la Nuit des sans-abri, qui aura lieu le vendredi 16 octobre, vise \u00e0 sensibiliser la population aux situations de pauvret\u00e9, de d\u00e9saffiliation sociale et d\u2019itin\u00e9rance qui touchent de plus en plus de Qu\u00e9b\u00e9cois. L\u2019\u00e9v\u00e9nement se d\u00e9roulera &hellip; <a href=\"https:\/\/santemc.quebec\/icentre\/la-nuit-des-sans-abri-edition-2020\/\">Continuer la lecture <span class=\"meta-nav\">&rarr;<\/span><\/a><\/p>\n","protected":false},"author":9,"featured_media":0,"comment_status":"open","ping_status":"closed","sticky":false,"template":"","format":"standard","meta":{"footnotes":""},"categories":[1],"tags":[],"_links":{"self":[{"href":"https:\/\/santemc.quebec\/icentre\/wp-json\/wp\/v2\/posts\/190870"}],"collection":[{"href":"https:\/\/santemc.quebec\/icentre\/wp-json\/wp\/v2\/posts"}],"about":[{"href":"https:\/\/santemc.quebec\/icentre\/wp-json\/wp\/v2\/types\/post"}],"author":[{"embeddable":true,"href":"https:\/\/santemc.quebec\/icentre\/wp-json\/wp\/v2\/users\/9"}],"replies":[{"embeddable":true,"href":"https:\/\/santemc.quebec\/icentre\/wp-json\/wp\/v2\/comments?post=190870"}],"version-history":[{"count":6,"href":"https:\/\/santemc.quebec\/icentre\/wp-json\/wp\/v2\/posts\/190870\/revisions"}],"predecessor-version":[{"id":190877,"href":"https:\/\/santemc.quebec\/icentre\/wp-json\/wp\/v2\/posts\/190870\/revisions\/190877"}],"wp:attachment":[{"href":"https:\/\/santemc.quebec\/icentre\/wp-json\/wp\/v2\/media?parent=190870"}],"wp:term":[{"taxonomy":"category","embeddable":true,"href":"https:\/\/santemc.quebec\/icentre\/wp-json\/wp\/v2\/categories?post=190870"},{"taxonomy":"post_tag","embeddable":true,"href":"https:\/\/santemc.quebec\/icentre\/wp-json\/wp\/v2\/tags?post=190870"}],"curies":[{"name":"wp","href":"https:\/\/api.w.org\/{rel}","templated":true}]}}