{"id":190885,"date":"2020-10-15T16:08:56","date_gmt":"2020-10-15T20:08:56","guid":{"rendered":"http:\/\/santemc.quebec\/icentre\/?p=190885"},"modified":"2020-10-15T16:10:28","modified_gmt":"2020-10-15T20:10:28","slug":"covid-19-mise-a-jour-de-la-foire-aux-questions-des-employes-6","status":"publish","type":"post","link":"https:\/\/santemc.quebec\/icentre\/covid-19-mise-a-jour-de-la-foire-aux-questions-des-employes-6\/","title":{"rendered":"COVID-19 : Mise \u00e0 jour de la Foire aux questions des employ\u00e9s"},"content":{"rendered":"<p>Des questions quant au port d&rsquo;\u00e9quipement de protection, du port du couvre-visage vs. du masque de proc\u00e9dure, des cliniques de d\u00e9pistage pr\u00e9ventif en CHSLD ainsi que des vacances d&rsquo;hiver 2020-2021 sont abord\u00e9es.<\/p>\n<p>Lire la\u00a0<a href=\"https:\/\/santemc.quebec\/icentre\/?page_id=185406\" target=\"_blank\" rel=\"noopener noreferrer\">Foire aux questions <\/a>\u00a0des employ\u00e9s.<\/p>\n","protected":false},"excerpt":{"rendered":"<p>Des questions quant au port d&rsquo;\u00e9quipement de protection, du port du couvre-visage vs. du masque de proc\u00e9dure, des cliniques de d\u00e9pistage pr\u00e9ventif en CHSLD ainsi que des vacances d&rsquo;hiver 2020-2021 sont abord\u00e9es. Lire la\u00a0Foire aux questions \u00a0des employ\u00e9s.<\/p>\n","protected":false},"author":33,"featured_media":0,"comment_status":"open","ping_status":"closed","sticky":false,"template":"","format":"standard","meta":{"footnotes":""},"categories":[1],"tags":[],"_links":{"self":[{"href":"https:\/\/santemc.quebec\/icentre\/wp-json\/wp\/v2\/posts\/190885"}],"collection":[{"href":"https:\/\/santemc.quebec\/icentre\/wp-json\/wp\/v2\/posts"}],"about":[{"href":"https:\/\/santemc.quebec\/icentre\/wp-json\/wp\/v2\/types\/post"}],"author":[{"embeddable":true,"href":"https:\/\/santemc.quebec\/icentre\/wp-json\/wp\/v2\/users\/33"}],"replies":[{"embeddable":true,"href":"https:\/\/santemc.quebec\/icentre\/wp-json\/wp\/v2\/comments?post=190885"}],"version-history":[{"count":3,"href":"https:\/\/santemc.quebec\/icentre\/wp-json\/wp\/v2\/posts\/190885\/revisions"}],"predecessor-version":[{"id":190889,"href":"https:\/\/santemc.quebec\/icentre\/wp-json\/wp\/v2\/posts\/190885\/revisions\/190889"}],"wp:attachment":[{"href":"https:\/\/santemc.quebec\/icentre\/wp-json\/wp\/v2\/media?parent=190885"}],"wp:term":[{"taxonomy":"category","embeddable":true,"href":"https:\/\/santemc.quebec\/icentre\/wp-json\/wp\/v2\/categories?post=190885"},{"taxonomy":"post_tag","embeddable":true,"href":"https:\/\/santemc.quebec\/icentre\/wp-json\/wp\/v2\/tags?post=190885"}],"curies":[{"name":"wp","href":"https:\/\/api.w.org\/{rel}","templated":true}]}}