{"id":190923,"date":"2020-10-16T13:50:23","date_gmt":"2020-10-16T17:50:23","guid":{"rendered":"http:\/\/santemc.quebec\/icentre\/?p=190923"},"modified":"2020-10-16T13:50:23","modified_gmt":"2020-10-16T17:50:23","slug":"covid-19-transfert-dun-usager-hemodynamiquement-stable-vers-une-unite-covid","status":"publish","type":"post","link":"https:\/\/santemc.quebec\/icentre\/covid-19-transfert-dun-usager-hemodynamiquement-stable-vers-une-unite-covid\/","title":{"rendered":"COVID-19 : Transfert d\u2019un usager h\u00e9modynamiquement stable vers une unit\u00e9 COVID"},"content":{"rendered":"<ul>\n<li><a href=\"https:\/\/santemc.quebec\/santemc\/icentre\/wp-content\/uploads\/2020\/10\/2020-10-16_NS_Transfert_usager_stable_unite_COVID.pdf\" target=\"_blank\" rel=\"noopener noreferrer\">Lire la note de service<\/a><\/li>\n<li><a href=\"https:\/\/santemc.quebec\/santemc\/icentre\/wp-content\/uploads\/2020\/10\/Procedure_admission_unite_covid_centre_St_Lambert.pdf\" target=\"_blank\" rel=\"noopener noreferrer\">Proc\u00e9dure d\u2019admission \u00e0 l\u2019unit\u00e9 COVID du centre Saint-Lambert<\/a><\/li>\n<li><a href=\"https:\/\/santemc.quebec\/santemc\/icentre\/wp-content\/uploads\/2020\/10\/DIR-MC-009_Transfert_usager_stable_COVID_2020-10-15.pdf\" target=\"_blank\" rel=\"noopener noreferrer\">Transfert d&rsquo;un usager h\u00e9modynamiquement stable vers une unit\u00e9 COVID<\/a> (DIR MC 009)<\/li>\n<\/ul>\n","protected":false},"excerpt":{"rendered":"<p>Lire la note de service Proc\u00e9dure d\u2019admission \u00e0 l\u2019unit\u00e9 COVID du centre Saint-Lambert Transfert d&rsquo;un usager h\u00e9modynamiquement stable vers une unit\u00e9 COVID (DIR MC 009)<\/p>\n","protected":false},"author":1,"featured_media":0,"comment_status":"open","ping_status":"closed","sticky":false,"template":"","format":"standard","meta":{"footnotes":""},"categories":[1],"tags":[],"_links":{"self":[{"href":"https:\/\/santemc.quebec\/icentre\/wp-json\/wp\/v2\/posts\/190923"}],"collection":[{"href":"https:\/\/santemc.quebec\/icentre\/wp-json\/wp\/v2\/posts"}],"about":[{"href":"https:\/\/santemc.quebec\/icentre\/wp-json\/wp\/v2\/types\/post"}],"author":[{"embeddable":true,"href":"https:\/\/santemc.quebec\/icentre\/wp-json\/wp\/v2\/users\/1"}],"replies":[{"embeddable":true,"href":"https:\/\/santemc.quebec\/icentre\/wp-json\/wp\/v2\/comments?post=190923"}],"version-history":[{"count":1,"href":"https:\/\/santemc.quebec\/icentre\/wp-json\/wp\/v2\/posts\/190923\/revisions"}],"predecessor-version":[{"id":190927,"href":"https:\/\/santemc.quebec\/icentre\/wp-json\/wp\/v2\/posts\/190923\/revisions\/190927"}],"wp:attachment":[{"href":"https:\/\/santemc.quebec\/icentre\/wp-json\/wp\/v2\/media?parent=190923"}],"wp:term":[{"taxonomy":"category","embeddable":true,"href":"https:\/\/santemc.quebec\/icentre\/wp-json\/wp\/v2\/categories?post=190923"},{"taxonomy":"post_tag","embeddable":true,"href":"https:\/\/santemc.quebec\/icentre\/wp-json\/wp\/v2\/tags?post=190923"}],"curies":[{"name":"wp","href":"https:\/\/api.w.org\/{rel}","templated":true}]}}