{"id":190933,"date":"2020-10-16T15:35:43","date_gmt":"2020-10-16T19:35:43","guid":{"rendered":"http:\/\/santemc.quebec\/icentre\/?p=190933"},"modified":"2020-10-16T15:35:43","modified_gmt":"2020-10-16T19:35:43","slug":"covid-19-rappel-offre-dhebergement-hotelier-aux-membres-du-personnel-et-medecins-en-contexte-de-la-covid-19","status":"publish","type":"post","link":"https:\/\/santemc.quebec\/icentre\/covid-19-rappel-offre-dhebergement-hotelier-aux-membres-du-personnel-et-medecins-en-contexte-de-la-covid-19\/","title":{"rendered":"COVID-19 : Rappel &#8211; Offre d\u2019h\u00e9bergement h\u00f4telier aux membres du personnel et m\u00e9decins en contexte de la COVID-19"},"content":{"rendered":"<p><a href=\"https:\/\/santemc.quebec\/santemc\/icentre\/wp-content\/uploads\/2020\/10\/2020-10-16_NS_rappel-hebergement_personnel_medecins_contexte_COVID-19.pdf\" target=\"_blank\" rel=\"noopener noreferrer\">Lire la note de service<\/a><\/p>\n<p>&nbsp;<\/p>\n","protected":false},"excerpt":{"rendered":"<p>Lire la note de service &nbsp;<\/p>\n","protected":false},"author":1,"featured_media":0,"comment_status":"open","ping_status":"closed","sticky":false,"template":"","format":"standard","meta":{"footnotes":""},"categories":[1],"tags":[],"_links":{"self":[{"href":"https:\/\/santemc.quebec\/icentre\/wp-json\/wp\/v2\/posts\/190933"}],"collection":[{"href":"https:\/\/santemc.quebec\/icentre\/wp-json\/wp\/v2\/posts"}],"about":[{"href":"https:\/\/santemc.quebec\/icentre\/wp-json\/wp\/v2\/types\/post"}],"author":[{"embeddable":true,"href":"https:\/\/santemc.quebec\/icentre\/wp-json\/wp\/v2\/users\/1"}],"replies":[{"embeddable":true,"href":"https:\/\/santemc.quebec\/icentre\/wp-json\/wp\/v2\/comments?post=190933"}],"version-history":[{"count":1,"href":"https:\/\/santemc.quebec\/icentre\/wp-json\/wp\/v2\/posts\/190933\/revisions"}],"predecessor-version":[{"id":190935,"href":"https:\/\/santemc.quebec\/icentre\/wp-json\/wp\/v2\/posts\/190933\/revisions\/190935"}],"wp:attachment":[{"href":"https:\/\/santemc.quebec\/icentre\/wp-json\/wp\/v2\/media?parent=190933"}],"wp:term":[{"taxonomy":"category","embeddable":true,"href":"https:\/\/santemc.quebec\/icentre\/wp-json\/wp\/v2\/categories?post=190933"},{"taxonomy":"post_tag","embeddable":true,"href":"https:\/\/santemc.quebec\/icentre\/wp-json\/wp\/v2\/tags?post=190933"}],"curies":[{"name":"wp","href":"https:\/\/api.w.org\/{rel}","templated":true}]}}