{"id":191002,"date":"2020-10-20T08:50:41","date_gmt":"2020-10-20T12:50:41","guid":{"rendered":"http:\/\/santemc.quebec\/icentre\/?p=191002"},"modified":"2020-10-20T13:15:19","modified_gmt":"2020-10-20T17:15:19","slug":"le-travail-des-equipes-de-lhclm-mis-en-lumiere-a-lemission-decouverte","status":"publish","type":"post","link":"https:\/\/santemc.quebec\/icentre\/le-travail-des-equipes-de-lhclm-mis-en-lumiere-a-lemission-decouverte\/","title":{"rendered":"Le travail des \u00e9quipes de l\u2019HCLM mis en lumi\u00e8re \u00e0 l\u2019\u00e9mission D\u00e9couverte"},"content":{"rendered":"<div id=\"attachment_191005\" style=\"width: 310px\" class=\"wp-caption alignleft\"><a href=\"https:\/\/santemc.quebec\/santemc\/icentre\/wp-content\/uploads\/2020\/10\/image1.jpg\"><img aria-describedby=\"caption-attachment-191005\" decoding=\"async\" loading=\"lazy\" class=\"wp-image-191005 size-medium\" src=\"https:\/\/santemc.quebec\/santemc\/icentre\/wp-content\/uploads\/2020\/10\/image1-300x225.jpg\" alt=\"\" width=\"300\" height=\"225\" srcset=\"https:\/\/santemc.quebec\/santemc\/icentre\/wp-content\/uploads\/2020\/10\/image1-300x225.jpg 300w, https:\/\/santemc.quebec\/santemc\/icentre\/wp-content\/uploads\/2020\/10\/image1-1024x768.jpg 1024w, https:\/\/santemc.quebec\/santemc\/icentre\/wp-content\/uploads\/2020\/10\/image1-768x576.jpg 768w, https:\/\/santemc.quebec\/santemc\/icentre\/wp-content\/uploads\/2020\/10\/image1-400x300.jpg 400w, https:\/\/santemc.quebec\/santemc\/icentre\/wp-content\/uploads\/2020\/10\/image1.jpg 1280w\" sizes=\"(max-width: 300px) 100vw, 300px\" \/><\/a><p id=\"caption-attachment-191005\" class=\"wp-caption-text\">Dre Nathalie Morissette, m\u00e9decin \u00e0 l\u2019HCLM et m\u00e9decin-conseil en mesures d&rsquo;urgence pour la Mont\u00e9r\u00e9gie<\/p><\/div>\n<p>La premi\u00e8re vague de la pand\u00e9mie a cr\u00e9\u00e9 une onde de choc dans les h\u00f4pitaux ce printemps. Cette r\u00e9alit\u00e9 a \u00e9t\u00e9 particuli\u00e8rement vraie \u00e0 l\u2019H\u00f4pital Charles-Le Moyne (HCLM), d\u00e9sign\u00e9e pour recevoir les patients atteints de la COVID venant de la Mont\u00e9r\u00e9gie mais \u00e9galement de Montr\u00e9al.<!--more--><\/p>\n<p>Une \u00e9quipe de l\u2019\u00e9mission D\u00e9couverte est pass\u00e9e cet \u00e9t\u00e9 pour comprendre l\u2019ampleur du travail effectu\u00e9 pour r\u00e9organiser l\u2019h\u00f4pital dans ce nouveau contexte. Le reportage a \u00e9t\u00e9 diffus\u00e9 ce dimanche \u00e0 la t\u00e9l\u00e9vision de Radio-Canada.<\/p>\n<p>Vous y verrez que les \u00e9quipes ont d\u00fb revoir de fond en comble les acc\u00e8s \u00e0 l\u2019h\u00f4pital pour \u00eatre en mesure de soigner les patients atteints de la COVID, mais aussi les autres personnes, notamment celles suivies en canc\u00e9rologie, et ainsi emp\u00eacher la propagation du virus pour prot\u00e9ger les patients et les employ\u00e9s.<\/p>\n<p>Nous tenons \u00e0 remercier tous les intervenants qui ont accept\u00e9 de participer \u00e0 ce tournage qui s\u2019est tenu dans le respect des mesures de pr\u00e9vention et de contr\u00f4le des infections, soit Dre Nathalie Morissette, m\u00e9decin \u00e0 l\u2019 l\u2019H\u00f4pital Charles-Le Moyne et m\u00e9decin-conseil en mesures d&rsquo;urgence pour la Mont\u00e9r\u00e9gie, Dre Sophie Gosselin, chef de l\u2019urgence de l\u2019 l\u2019H\u00f4pital Charles-Le Moyne, Dr Abdo Shabah, urgentologue \u00e0 l\u2019H\u00f4pital du Haut-Richelieu et responsable d\u2019un projet-pilote de tra\u00e7abilit\u00e9 \u00e0 l\u2019HCLM, Martin Dea, adjoint \u00e0 la direction g\u00e9n\u00e9rale adjointe et responsable de la s\u00e9curit\u00e9 du CISSS et finalement, lieutenant \u00c9ric Vall\u00e9e, agent de s\u00e9curit\u00e9.<\/p>\n<p>Pour acc\u00e9der au reportage, rendez-vous \u00e0 cette adresse : <a href=\"https:\/\/ici.radio-canada.ca\/tele\/decouverte\/site\/segments\/reportage\/204665\/hopital-lemoyne-transformation\" target=\"_blank\" rel=\"noopener noreferrer\">https:\/\/ici.radio-canada.ca\/tele\/decouverte\/site\/segments\/reportage\/204665\/hopital-lemoyne-transformation<\/a><\/p>\n<div id=\"attachment_191004\" style=\"width: 594px\" class=\"wp-caption alignnone\"><a href=\"https:\/\/santemc.quebec\/santemc\/icentre\/wp-content\/uploads\/2020\/10\/image2.jpg\"><img aria-describedby=\"caption-attachment-191004\" decoding=\"async\" loading=\"lazy\" class=\"wp-image-191004 size-large\" src=\"https:\/\/santemc.quebec\/santemc\/icentre\/wp-content\/uploads\/2020\/10\/image2-1024x768.jpg\" alt=\"\" width=\"584\" height=\"438\" srcset=\"https:\/\/santemc.quebec\/santemc\/icentre\/wp-content\/uploads\/2020\/10\/image2-1024x768.jpg 1024w, https:\/\/santemc.quebec\/santemc\/icentre\/wp-content\/uploads\/2020\/10\/image2-300x225.jpg 300w, https:\/\/santemc.quebec\/santemc\/icentre\/wp-content\/uploads\/2020\/10\/image2-768x576.jpg 768w, https:\/\/santemc.quebec\/santemc\/icentre\/wp-content\/uploads\/2020\/10\/image2-400x300.jpg 400w, https:\/\/santemc.quebec\/santemc\/icentre\/wp-content\/uploads\/2020\/10\/image2.jpg 1280w\" sizes=\"(max-width: 584px) 100vw, 584px\" \/><\/a><p id=\"caption-attachment-191004\" class=\"wp-caption-text\">Dr Abdo Shabah, urgentologue \u00e0 l\u2019HHR et responsable d\u2019un projet-pilote de tra\u00e7abilit\u00e9 \u00e0 l\u2019HCLM<\/p><\/div>\n<p>&nbsp;<\/p>\n","protected":false},"excerpt":{"rendered":"<p>La premi\u00e8re vague de la pand\u00e9mie a cr\u00e9\u00e9 une onde de choc dans les h\u00f4pitaux ce printemps. Cette r\u00e9alit\u00e9 a \u00e9t\u00e9 particuli\u00e8rement vraie \u00e0 l\u2019H\u00f4pital Charles-Le Moyne (HCLM), d\u00e9sign\u00e9e pour recevoir les patients atteints de la COVID venant de la &hellip; <a href=\"https:\/\/santemc.quebec\/icentre\/le-travail-des-equipes-de-lhclm-mis-en-lumiere-a-lemission-decouverte\/\">Continuer la lecture <span class=\"meta-nav\">&rarr;<\/span><\/a><\/p>\n","protected":false},"author":1,"featured_media":0,"comment_status":"open","ping_status":"closed","sticky":false,"template":"","format":"standard","meta":{"footnotes":""},"categories":[1],"tags":[],"_links":{"self":[{"href":"https:\/\/santemc.quebec\/icentre\/wp-json\/wp\/v2\/posts\/191002"}],"collection":[{"href":"https:\/\/santemc.quebec\/icentre\/wp-json\/wp\/v2\/posts"}],"about":[{"href":"https:\/\/santemc.quebec\/icentre\/wp-json\/wp\/v2\/types\/post"}],"author":[{"embeddable":true,"href":"https:\/\/santemc.quebec\/icentre\/wp-json\/wp\/v2\/users\/1"}],"replies":[{"embeddable":true,"href":"https:\/\/santemc.quebec\/icentre\/wp-json\/wp\/v2\/comments?post=191002"}],"version-history":[{"count":6,"href":"https:\/\/santemc.quebec\/icentre\/wp-json\/wp\/v2\/posts\/191002\/revisions"}],"predecessor-version":[{"id":191021,"href":"https:\/\/santemc.quebec\/icentre\/wp-json\/wp\/v2\/posts\/191002\/revisions\/191021"}],"wp:attachment":[{"href":"https:\/\/santemc.quebec\/icentre\/wp-json\/wp\/v2\/media?parent=191002"}],"wp:term":[{"taxonomy":"category","embeddable":true,"href":"https:\/\/santemc.quebec\/icentre\/wp-json\/wp\/v2\/categories?post=191002"},{"taxonomy":"post_tag","embeddable":true,"href":"https:\/\/santemc.quebec\/icentre\/wp-json\/wp\/v2\/tags?post=191002"}],"curies":[{"name":"wp","href":"https:\/\/api.w.org\/{rel}","templated":true}]}}