{"id":191028,"date":"2020-10-21T15:00:15","date_gmt":"2020-10-21T19:00:15","guid":{"rendered":"http:\/\/santemc.quebec\/icentre\/?p=191028"},"modified":"2020-10-21T18:02:26","modified_gmt":"2020-10-21T22:02:26","slug":"nouveau-programme-pour-prevenir-lanxiete-chez-les-jeunes","status":"publish","type":"post","link":"https:\/\/santemc.quebec\/icentre\/nouveau-programme-pour-prevenir-lanxiete-chez-les-jeunes\/","title":{"rendered":"Nouveau programme pour pr\u00e9venir l\u2019anxi\u00e9t\u00e9 chez les jeunes"},"content":{"rendered":"<p><em>Quand pr\u00e9venir l\u2019anxi\u00e9t\u00e9 chez les jeunes est n\u00e9cessaire plus que jamais en contexte de pand\u00e9mie<\/em><\/p>\n<p><!--more--><\/p>\n<div style=\"background-color: #48c9b0; padding: 10px;\">Selon un sondage Crop r\u00e9alis\u00e9 en avril 2020 pour le compte de la fondation Jasmin Roy Sophie Desmarais, 56 % des parents affirment que l\u2019\u00e9tat psychologique et \u00e9motionnel de leurs enfants s\u2019est d\u00e9t\u00e9rior\u00e9 depuis le d\u00e9but de la pand\u00e9mie.<\/div>\n<p>&nbsp;<\/p>\n<p><strong>Un Programme essentiel \u00e0 offrir \u00e0 toutes les \u00e9coles secondaires du Qu\u00e9bec<br \/>\n<\/strong>Novembre 2019 marque le d\u00e9but du mandat octroy\u00e9 par le MSSS au CISSSMC afin de d\u00e9ployer nationalement HORS-PISTE, un programme de pr\u00e9vention des troubles anxieux chez les jeunes. Pour ce faire, notre CISSS a mis en place une \u00e9quipe de professionnels en intervention afin de mener de front le d\u00e9ploiement de ce programme novateur en mati\u00e8re de promotion de la sant\u00e9 mentale et de pr\u00e9vention de l\u2019anxi\u00e9t\u00e9 en milieu scolaire au secondaire.<\/p>\n<div id=\"attachment_191029\" style=\"width: 264px\" class=\"wp-caption alignleft\"><a href=\"https:\/\/santemc.quebec\/santemc\/icentre\/wp-content\/uploads\/2020\/10\/hors-piste_equipe.jpg\"><img aria-describedby=\"caption-attachment-191029\" decoding=\"async\" loading=\"lazy\" class=\"wp-image-191029 \" src=\"https:\/\/santemc.quebec\/santemc\/icentre\/wp-content\/uploads\/2020\/10\/hors-piste_equipe-300x229.jpg\" alt=\"\" width=\"254\" height=\"196\" \/><\/a><p id=\"caption-attachment-191029\" class=\"wp-caption-text\">Les membres de l\u2019\u00e9quipe de soutien au d\u00e9ploiement national du CISSSMC. (photo prise avant la pand\u00e9mie de COVID-19) De gauche \u00e0 droite : Marilou Hamelin (APPR); Jos\u00e9e Blanchette (APPR); Chantal Angrignon (conseill\u00e8re-cadre); Catherine Rousseau (technicienne en administration); Maxime Charest-Caron (APPR).<\/p><\/div>\n<p>L\u2019\u00e9quipe de soutien au d\u00e9ploiement national, sous la Direction du programme jeunesse (DPJ), travaille donc activement, depuis plusieurs mois, avec les partenaires du r\u00e9seau de l\u2019\u00e9ducation et du r\u00e9seau de la Sant\u00e9 et des Services sociaux afin d\u2019implanter le programme aupr\u00e8s des jeunes du secondaire et d\u2019en assurer la p\u00e9rennit\u00e9. Actuellement, elle innove en contexte de pand\u00e9mie en travaillant sur une adaptation virtuelle du programme pour favoriser l\u2019acc\u00e8s \u00e0 nos jeunes dans la pr\u00e9vention des troubles anxieux.<\/p>\n<p><strong>Des r\u00e9sultats prometteurs<br \/>\n<\/strong>Ce programme est une initiative de Centre RBC d\u2019expertise universitaire en sant\u00e9 mentale de l\u2019Universit\u00e9 de Sherbrooke. L\u2019objectif premier est de permettre aux adolescents et adolescentes de niveau secondaire 1 et 2 de mieux composer avec leurs d\u00e9fis d\u00e9veloppementaux, afin de pr\u00e9venir l\u2019apparition de sympt\u00f4mes li\u00e9s aux troubles anxieux et \u00e0 d\u2019autres troubles d\u2019adaptation.<\/p>\n<p>Les r\u00e9sultats pr\u00e9liminaires de 2018-2019 du projet pilote ont \u00e9t\u00e9 prometteurs, ce qui a contribu\u00e9 au d\u00e9sir de d\u00e9ployer le programme HORS-PISTE nationalement dans toutes les r\u00e9gions du Qu\u00e9bec.<\/p>\n<p>Notre organisation est heureuse et fi\u00e8re de faire partie de ce projet qui, \u00e0 travers les milieux scolaires et les CISSS et CIUSSS du Qu\u00e9bec, partage la vision commune des b\u00e9n\u00e9fices d\u2019intervenir en pr\u00e9vention pour nos jeunes.<\/p>\n<p>Nous vous invitons \u00e0 visiter le <a href=\"http:\/\/www.santemc.quebec\/horspiste\" target=\"_blank\" rel=\"noopener noreferrer\">www.santemc.quebec\/horspiste<\/a> pour en conna\u00eetre davantage sur le d\u00e9ploiement national du programme HORS-PISTE.<\/p>\n<p>Pour en savoir davantage sur l\u2019historique du programme HORS-PISTE, consultez le site du Centre RBC\u00a0 <a href=\"https:\/\/sante-mentale-jeunesse.usherbrooke.ca\/je-suis-un-professionnel\/troubles-anxieux\/\" target=\"_blank\" rel=\"noopener noreferrer\">https:\/\/sante-mentale-jeunesse.usherbrooke.ca\/je-suis-un-professionnel\/troubles-anxieux\/<\/a><\/p>\n","protected":false},"excerpt":{"rendered":"<p>Quand pr\u00e9venir l\u2019anxi\u00e9t\u00e9 chez les jeunes est n\u00e9cessaire plus que jamais en contexte de pand\u00e9mie<\/p>\n","protected":false},"author":9,"featured_media":0,"comment_status":"open","ping_status":"closed","sticky":false,"template":"","format":"standard","meta":{"footnotes":""},"categories":[1],"tags":[],"_links":{"self":[{"href":"https:\/\/santemc.quebec\/icentre\/wp-json\/wp\/v2\/posts\/191028"}],"collection":[{"href":"https:\/\/santemc.quebec\/icentre\/wp-json\/wp\/v2\/posts"}],"about":[{"href":"https:\/\/santemc.quebec\/icentre\/wp-json\/wp\/v2\/types\/post"}],"author":[{"embeddable":true,"href":"https:\/\/santemc.quebec\/icentre\/wp-json\/wp\/v2\/users\/9"}],"replies":[{"embeddable":true,"href":"https:\/\/santemc.quebec\/icentre\/wp-json\/wp\/v2\/comments?post=191028"}],"version-history":[{"count":18,"href":"https:\/\/santemc.quebec\/icentre\/wp-json\/wp\/v2\/posts\/191028\/revisions"}],"predecessor-version":[{"id":191091,"href":"https:\/\/santemc.quebec\/icentre\/wp-json\/wp\/v2\/posts\/191028\/revisions\/191091"}],"wp:attachment":[{"href":"https:\/\/santemc.quebec\/icentre\/wp-json\/wp\/v2\/media?parent=191028"}],"wp:term":[{"taxonomy":"category","embeddable":true,"href":"https:\/\/santemc.quebec\/icentre\/wp-json\/wp\/v2\/categories?post=191028"},{"taxonomy":"post_tag","embeddable":true,"href":"https:\/\/santemc.quebec\/icentre\/wp-json\/wp\/v2\/tags?post=191028"}],"curies":[{"name":"wp","href":"https:\/\/api.w.org\/{rel}","templated":true}]}}