{"id":191097,"date":"2020-10-27T08:50:31","date_gmt":"2020-10-27T12:50:31","guid":{"rendered":"http:\/\/santemc.quebec\/icentre\/?p=191097"},"modified":"2020-10-27T08:50:31","modified_gmt":"2020-10-27T12:50:31","slug":"le-dr-walter-wittich-recipiendaire-du-jt-award-pour-sa-contribution-a-la-communaute-des-sourds-aveugles","status":"publish","type":"post","link":"https:\/\/santemc.quebec\/icentre\/le-dr-walter-wittich-recipiendaire-du-jt-award-pour-sa-contribution-a-la-communaute-des-sourds-aveugles\/","title":{"rendered":"Le Dr Walter Wittich r\u00e9cipiendaire du JT Award pour sa contribution \u00e0 la communaut\u00e9 des sourds-aveugles"},"content":{"rendered":"<p><a href=\"https:\/\/santemc.quebec\/santemc\/icentre\/wp-content\/uploads\/2020\/10\/Wittich_JTaward-2020-scaled.jpg\"><img decoding=\"async\" loading=\"lazy\" class=\"size-medium wp-image-191098 alignleft\" src=\"https:\/\/santemc.quebec\/santemc\/icentre\/wp-content\/uploads\/2020\/10\/Wittich_JTaward-2020-265x300.jpg\" alt=\"\" width=\"265\" height=\"300\" srcset=\"https:\/\/santemc.quebec\/santemc\/icentre\/wp-content\/uploads\/2020\/10\/Wittich_JTaward-2020-265x300.jpg 265w, https:\/\/santemc.quebec\/santemc\/icentre\/wp-content\/uploads\/2020\/10\/Wittich_JTaward-2020-905x1024.jpg 905w, https:\/\/santemc.quebec\/santemc\/icentre\/wp-content\/uploads\/2020\/10\/Wittich_JTaward-2020-768x869.jpg 768w, https:\/\/santemc.quebec\/santemc\/icentre\/wp-content\/uploads\/2020\/10\/Wittich_JTaward-2020-1357x1536.jpg 1357w, https:\/\/santemc.quebec\/santemc\/icentre\/wp-content\/uploads\/2020\/10\/Wittich_JTaward-2020-1809x2048.jpg 1809w\" sizes=\"(max-width: 265px) 100vw, 265px\" \/><\/a>Le Dr Walter Wittich, chercheur responsable de site CRIR-INLB et professeur agr\u00e9g\u00e9 \u00e0 l&rsquo;\u00c9cole d&rsquo;optom\u00e9trie de l&rsquo;Universit\u00e9 de Montr\u00e9al, recevait aujourd\u2019hui le prix annuel du JT Award octroy\u00e9 par le Rotary Cheshire Homes et le Centre canadien Helen Keller. Cr\u00e9\u00e9 en 2011, le JT Award reconna\u00eet les efforts et les r\u00e9alisations de personnes ayant apport\u00e9 une contribution significative et durable \u00e0 la communaut\u00e9 des sourds-aveugles du Canada en termes de sensibilisation, expansion et participation.<\/p>\n<p style=\"text-align: right;\"><!--more--><\/p>\n<p>Le Dr Wittich collabore avec notre organisation depuis 2008 et agit \u00e0 titre de chercheur responsable de site CRIR-INLB depuis 2016. Tout au long de sa carri\u00e8re de chercheur, enseignant et d\u00e9fenseur des droits de la personne en situation de handicap, il s\u2019est forg\u00e9 un r\u00f4le de leader en mati\u00e8re de r\u00e9adaptation et en particulier pour ce qui touche la double d\u00e9ficience auditive et visuelle.<\/p>\n<p>Le Dr Wittich a contribu\u00e9 \u00e0 sensibiliser tant les chercheurs que les cliniciens et d\u00e9cideurs \u00e0 la situation des personnes vivant avec une surdic\u00e9cit\u00e9 en proposant notamment des d\u00e9finitions de termes li\u00e9s \u00e0 la surdic\u00e9cit\u00e9 et \u00e0 la double d\u00e9ficience sensorielle qui ont \u00e9t\u00e9 revues par des comit\u00e9s de pairs internationaux. Ses recherches et son implication ont contribu\u00e9 au d\u00e9veloppement de programmes et services au sein de notre organisation et ailleurs au Qu\u00e9bec.<\/p>\n<p>Nous sommes heureux de pouvoir b\u00e9n\u00e9ficier de l\u2019expertise du Dr Wittich au sein de l\u2019INLB et tr\u00e8s fiers de la contribution qu\u2019il apporte \u00e0 la communaut\u00e9 canadienne en surdic\u00e9cit\u00e9. Toutes nos f\u00e9licitations!<\/p>\n","protected":false},"excerpt":{"rendered":"<p>Le Dr Walter Wittich, chercheur responsable de site CRIR-INLB et professeur agr\u00e9g\u00e9 \u00e0 l&rsquo;\u00c9cole d&rsquo;optom\u00e9trie de l&rsquo;Universit\u00e9 de Montr\u00e9al, recevait aujourd\u2019hui le prix annuel du JT Award octroy\u00e9 par le Rotary Cheshire Homes et le Centre canadien Helen Keller. Cr\u00e9\u00e9 &hellip; <a href=\"https:\/\/santemc.quebec\/icentre\/le-dr-walter-wittich-recipiendaire-du-jt-award-pour-sa-contribution-a-la-communaute-des-sourds-aveugles\/\">Continuer la lecture <span class=\"meta-nav\">&rarr;<\/span><\/a><\/p>\n","protected":false},"author":9,"featured_media":0,"comment_status":"open","ping_status":"closed","sticky":false,"template":"","format":"standard","meta":{"footnotes":""},"categories":[1],"tags":[],"_links":{"self":[{"href":"https:\/\/santemc.quebec\/icentre\/wp-json\/wp\/v2\/posts\/191097"}],"collection":[{"href":"https:\/\/santemc.quebec\/icentre\/wp-json\/wp\/v2\/posts"}],"about":[{"href":"https:\/\/santemc.quebec\/icentre\/wp-json\/wp\/v2\/types\/post"}],"author":[{"embeddable":true,"href":"https:\/\/santemc.quebec\/icentre\/wp-json\/wp\/v2\/users\/9"}],"replies":[{"embeddable":true,"href":"https:\/\/santemc.quebec\/icentre\/wp-json\/wp\/v2\/comments?post=191097"}],"version-history":[{"count":1,"href":"https:\/\/santemc.quebec\/icentre\/wp-json\/wp\/v2\/posts\/191097\/revisions"}],"predecessor-version":[{"id":191099,"href":"https:\/\/santemc.quebec\/icentre\/wp-json\/wp\/v2\/posts\/191097\/revisions\/191099"}],"wp:attachment":[{"href":"https:\/\/santemc.quebec\/icentre\/wp-json\/wp\/v2\/media?parent=191097"}],"wp:term":[{"taxonomy":"category","embeddable":true,"href":"https:\/\/santemc.quebec\/icentre\/wp-json\/wp\/v2\/categories?post=191097"},{"taxonomy":"post_tag","embeddable":true,"href":"https:\/\/santemc.quebec\/icentre\/wp-json\/wp\/v2\/tags?post=191097"}],"curies":[{"name":"wp","href":"https:\/\/api.w.org\/{rel}","templated":true}]}}