{"id":191106,"date":"2020-10-23T16:20:45","date_gmt":"2020-10-23T20:20:45","guid":{"rendered":"http:\/\/santemc.quebec\/icentre\/?p=191106"},"modified":"2020-10-23T16:39:35","modified_gmt":"2020-10-23T20:39:35","slug":"covid-19-mise-a-jour-de-la-foire-aux-questions-des-employes-7","status":"publish","type":"post","link":"https:\/\/santemc.quebec\/icentre\/covid-19-mise-a-jour-de-la-foire-aux-questions-des-employes-7\/","title":{"rendered":"COVID-19 : Mise \u00e0 jour de la Foire aux questions des employ\u00e9s"},"content":{"rendered":"<p>Des questions concernant les mesures PCI ont \u00e9t\u00e9 ajout\u00e9es dans la section <a href=\"https:\/\/santemc.quebec\/icentre\/?page_id=185406#hygiene\" target=\"_blank\" rel=\"noopener noreferrer\">Hygi\u00e8ne et salubrit\u00e9<\/a>.<\/p>\n<ul>\n<li>Document de r\u00e9f\u00e9rence<\/li>\n<li>Port de l&rsquo;uniforme de travail<\/li>\n<li>Port du sarrau<\/li>\n<\/ul>\n<p><a href=\"https:\/\/santemc.quebec\/icentre\/?page_id=185406\" target=\"_blank\" rel=\"noopener noreferrer\">Lire la Foire aux questions<\/a><\/p>\n","protected":false},"excerpt":{"rendered":"<p>Des questions concernant les mesures PCI ont \u00e9t\u00e9 ajout\u00e9es dans la section Hygi\u00e8ne et salubrit\u00e9. Document de r\u00e9f\u00e9rence Port de l&rsquo;uniforme de travail Port du sarrau Lire la Foire aux questions<\/p>\n","protected":false},"author":33,"featured_media":0,"comment_status":"open","ping_status":"closed","sticky":false,"template":"","format":"standard","meta":{"footnotes":""},"categories":[1],"tags":[],"_links":{"self":[{"href":"https:\/\/santemc.quebec\/icentre\/wp-json\/wp\/v2\/posts\/191106"}],"collection":[{"href":"https:\/\/santemc.quebec\/icentre\/wp-json\/wp\/v2\/posts"}],"about":[{"href":"https:\/\/santemc.quebec\/icentre\/wp-json\/wp\/v2\/types\/post"}],"author":[{"embeddable":true,"href":"https:\/\/santemc.quebec\/icentre\/wp-json\/wp\/v2\/users\/33"}],"replies":[{"embeddable":true,"href":"https:\/\/santemc.quebec\/icentre\/wp-json\/wp\/v2\/comments?post=191106"}],"version-history":[{"count":1,"href":"https:\/\/santemc.quebec\/icentre\/wp-json\/wp\/v2\/posts\/191106\/revisions"}],"predecessor-version":[{"id":191107,"href":"https:\/\/santemc.quebec\/icentre\/wp-json\/wp\/v2\/posts\/191106\/revisions\/191107"}],"wp:attachment":[{"href":"https:\/\/santemc.quebec\/icentre\/wp-json\/wp\/v2\/media?parent=191106"}],"wp:term":[{"taxonomy":"category","embeddable":true,"href":"https:\/\/santemc.quebec\/icentre\/wp-json\/wp\/v2\/categories?post=191106"},{"taxonomy":"post_tag","embeddable":true,"href":"https:\/\/santemc.quebec\/icentre\/wp-json\/wp\/v2\/tags?post=191106"}],"curies":[{"name":"wp","href":"https:\/\/api.w.org\/{rel}","templated":true}]}}