{"id":191187,"date":"2020-11-05T08:20:16","date_gmt":"2020-11-05T13:20:16","guid":{"rendered":"http:\/\/santemc.quebec\/icentre\/?p=191187"},"modified":"2020-10-28T08:23:13","modified_gmt":"2020-10-28T12:23:13","slug":"prochaine-conference-scientifique-du-centre-de-recherche-interdisciplinaire-en-readaptation-du-montreal-metropolitain-institut-nazareth-et-louis-braille","status":"publish","type":"post","link":"https:\/\/santemc.quebec\/icentre\/prochaine-conference-scientifique-du-centre-de-recherche-interdisciplinaire-en-readaptation-du-montreal-metropolitain-institut-nazareth-et-louis-braille\/","title":{"rendered":"Prochaine conf\u00e9rence scientifique du Centre de recherche interdisciplinaire en r\u00e9adaptation du Montr\u00e9al m\u00e9tropolitain\u2013Institut Nazareth et Louis-Braille"},"content":{"rendered":"<p>Nous vo<a href=\"https:\/\/santemc.quebec\/santemc\/icentre\/wp-content\/uploads\/2020\/09\/INLB_20ans.jpg\"><img decoding=\"async\" loading=\"lazy\" class=\" wp-image-189830 alignleft\" src=\"https:\/\/santemc.quebec\/santemc\/icentre\/wp-content\/uploads\/2020\/09\/INLB_20ans-300x221.jpg\" alt=\"\" width=\"240\" height=\"179\" \/><\/a>us rappelons qu\u2019une s\u00e9rie de quatre conf\u00e9rences scientifiques ont \u00e9t\u00e9 planifi\u00e9es afin de souligner le 20e anniversaire du Centre de recherche interdisciplinaire en r\u00e9adaptation du Montr\u00e9al m\u00e9tropolitain (CRIR), dont l\u2019Institut Nazareth et Louis-Braille est l\u2019un des membres fondateurs.<\/p>\n<p><!--more--><\/p>\n<p>La quatri\u00e8me et derni\u00e8re conf\u00e9rence <strong>\u00ab\u00a0Portrait de la gestion des sympt\u00f4mes d\u00e9pressifs dans les centres de r\u00e9adaptation qu\u00e9b\u00e9cois pour la client\u00e8le a\u00een\u00e9e ayant une d\u00e9ficience visuelle\u00a0\u00bb<\/strong> sera diffus\u00e9e par Zoom, le 18 novembre prochain. Bien que gratuite, le nombre de places est limit\u00e9.<\/p>\n<p>Inscrivez-vous d\u00e8s maintenant.<br \/>\n<strong>M<\/strong><strong>ercredi 18 novembre 2020, 12 h 10 \u00e0 13 h<\/strong><strong><br \/>\n<\/strong><strong>Pour en apprendre plus sur la conf\u00e9renci\u00e8re\u00a0:<\/strong>\u00a0<a href=\"https:\/\/can01.safelinks.protection.outlook.com\/?url=http%3A%2F%2Fwww.opto.umontreal.ca%2Fprof%2FRenaudJ.html&amp;data=04%7C01%7Cjulie.couture.cisssmc16%40ssss.gouv.qc.ca%7C7f6f269031c44ac37e9f08d877640ea5%7C06e1fe285f8b4075bf6cae24be1a7992%7C0%7C0%7C637390618904663490%7CUnknown%7CTWFpbGZsb3d8eyJWIjoiMC4wLjAwMDAiLCJQIjoiV2luMzIiLCJBTiI6Ik1haWwiLCJXVCI6Mn0%3D%7C1000&amp;sdata=qX2xzsyH6HakanQO1oRxnQ3nLAeGt8XyQDVCArFxj6Y%3D&amp;reserved=0\">Judith Renaud\u00a0<\/a>, Ph. D.<br \/>\n<strong>Pour vous inscrire\u00a0: <\/strong><strong><a href=\"https:\/\/can01.safelinks.protection.outlook.com\/?url=https%3A%2F%2Ffr.surveymonkey.com%2Fr%2FJ_Renaud&amp;data=04%7C01%7Cjulie.couture.cisssmc16%40ssss.gouv.qc.ca%7C7f6f269031c44ac37e9f08d877640ea5%7C06e1fe285f8b4075bf6cae24be1a7992%7C0%7C0%7C637390618904673484%7CUnknown%7CTWFpbGZsb3d8eyJWIjoiMC4wLjAwMDAiLCJQIjoiV2luMzIiLCJBTiI6Ik1haWwiLCJXVCI6Mn0%3D%7C1000&amp;sdata=sD%2BcMwOjIham9rWwQIqrKpk31IMi3zz3zesCWT9Ai54%3D&amp;reserved=0\">https:\/\/fr.surveymonkey.com\/r\/J_Renaud<\/a><\/strong><\/p>\n","protected":false},"excerpt":{"rendered":"<p>Nous vous rappelons qu\u2019une s\u00e9rie de quatre conf\u00e9rences scientifiques ont \u00e9t\u00e9 planifi\u00e9es afin de souligner le 20e anniversaire du Centre de recherche interdisciplinaire en r\u00e9adaptation du Montr\u00e9al m\u00e9tropolitain (CRIR), dont l\u2019Institut Nazareth et Louis-Braille est l\u2019un des membres fondateurs.<\/p>\n","protected":false},"author":32,"featured_media":0,"comment_status":"open","ping_status":"closed","sticky":false,"template":"","format":"standard","meta":{"footnotes":""},"categories":[1],"tags":[],"_links":{"self":[{"href":"https:\/\/santemc.quebec\/icentre\/wp-json\/wp\/v2\/posts\/191187"}],"collection":[{"href":"https:\/\/santemc.quebec\/icentre\/wp-json\/wp\/v2\/posts"}],"about":[{"href":"https:\/\/santemc.quebec\/icentre\/wp-json\/wp\/v2\/types\/post"}],"author":[{"embeddable":true,"href":"https:\/\/santemc.quebec\/icentre\/wp-json\/wp\/v2\/users\/32"}],"replies":[{"embeddable":true,"href":"https:\/\/santemc.quebec\/icentre\/wp-json\/wp\/v2\/comments?post=191187"}],"version-history":[{"count":2,"href":"https:\/\/santemc.quebec\/icentre\/wp-json\/wp\/v2\/posts\/191187\/revisions"}],"predecessor-version":[{"id":193550,"href":"https:\/\/santemc.quebec\/icentre\/wp-json\/wp\/v2\/posts\/191187\/revisions\/193550"}],"wp:attachment":[{"href":"https:\/\/santemc.quebec\/icentre\/wp-json\/wp\/v2\/media?parent=191187"}],"wp:term":[{"taxonomy":"category","embeddable":true,"href":"https:\/\/santemc.quebec\/icentre\/wp-json\/wp\/v2\/categories?post=191187"},{"taxonomy":"post_tag","embeddable":true,"href":"https:\/\/santemc.quebec\/icentre\/wp-json\/wp\/v2\/tags?post=191187"}],"curies":[{"name":"wp","href":"https:\/\/api.w.org\/{rel}","templated":true}]}}