{"id":191189,"date":"2020-10-28T08:42:39","date_gmt":"2020-10-28T12:42:39","guid":{"rendered":"http:\/\/santemc.quebec\/icentre\/?p=191189"},"modified":"2020-10-28T08:42:39","modified_gmt":"2020-10-28T12:42:39","slug":"des-paramedics-en-soutien-aux-equipes-de-lurgence-de-lhopital-du-haut-richelieu","status":"publish","type":"post","link":"https:\/\/santemc.quebec\/icentre\/des-paramedics-en-soutien-aux-equipes-de-lurgence-de-lhopital-du-haut-richelieu\/","title":{"rendered":"Des param\u00e9dics en soutien aux \u00e9quipes de l\u2019urgence de l\u2019H\u00f4pital du Haut-Richelieu"},"content":{"rendered":"<p>Au cours des prochaines semaines, l\u2019urgence de l\u2019H\u00f4pital du Haut-Richelieu b\u00e9n\u00e9ficiera<br \/>\nd\u2019une aide suppl\u00e9mentaire gr\u00e2ce \u00e0 un pr\u00eat de service de l\u2019entreprise Ambulances Demers. \u00c0 compter du 30 octobre, neuf param\u00e9dics viendront \u00e9pauler l\u2019\u00e9quipe dans un r\u00f4le s\u2019apparentant \u00e0 celui de pr\u00e9pos\u00e9 aux b\u00e9n\u00e9ficiaires.<!--more--><\/p>\n<p>En effet, les param\u00e9dics exerceront des t\u00e2ches vari\u00e9es en compl\u00e9mentarit\u00e9 avec les<br \/>\n\u00e9quipes de soins, pouvant aller de la distribution de plateaux \u00e0 l\u2019aide \u00e0 la mobilisation de patients. \u00c9tant donn\u00e9 leur expertise, ils pourraient \u00e9galement \u00eatre appel\u00e9s \u00e0 exercer un r\u00f4le accru dans le respect de leur champ de pratique. Pour assumer leur fonction dans un cadre s\u00e9curitaire, les param\u00e9dics ont re\u00e7u une formation intensive et ils seront supervis\u00e9s par une infirmi\u00e8re pour certaines t\u00e2ches.<\/p>\n<p>Pr\u00e9sentement, les \u00e9quipes de l\u2019urgence sont sollicit\u00e9es de mani\u00e8re importante en raison de la recrudescence de la COVID-19 et des taux d\u2019achalandage \u00e9lev\u00e9s. Le soutien des param\u00e9dics leur apportera un souffle pr\u00e9cieux et nous leur en sommes tr\u00e8s<br \/>\nreconnaissants.<\/p>\n<p>Rappelons qu\u2019au printemps dernier, des param\u00e9dics d\u2019Ambulances Demers \u00e9taient venus pr\u00eater main-forte au CHSLD Henriette-C\u00e9r\u00e9 et leur aide avait \u00e9t\u00e9 fort appr\u00e9ci\u00e9e.<br \/>\nSoulignons \u00e9galement l\u2019appui significatif, depuis la 30 septembre, d\u2019une quinzaine<br \/>\nd\u2019ambulanciers param\u00e9dicaux de la C\u00c9TAM qui ont \u00e9t\u00e9 d\u00e9ploy\u00e9s dans les cliniques de<br \/>\nd\u00e9pistage et au sein des \u00e9quipes de tra\u00e7age pour faciliter le travail d\u2019enqu\u00eate des \u00e9quipes du CISSS de la Mont\u00e9r\u00e9gie-Centre.<\/p>\n<p>Cette mobilisation de nos partenaires du secteur ambulancier d\u00e9montre les liens pr\u00e9cieux qui se sont tiss\u00e9s au fil des ans entre nos organisations. Nous sommes heureux de compter sur leur collaboration et de les accueillir dans nos \u00e9quipes.<\/p>\n","protected":false},"excerpt":{"rendered":"<p>Au cours des prochaines semaines, l\u2019urgence de l\u2019H\u00f4pital du Haut-Richelieu b\u00e9n\u00e9ficiera d\u2019une aide suppl\u00e9mentaire gr\u00e2ce \u00e0 un pr\u00eat de service de l\u2019entreprise Ambulances Demers. \u00c0 compter du 30 octobre, neuf param\u00e9dics viendront \u00e9pauler l\u2019\u00e9quipe dans un r\u00f4le s\u2019apparentant \u00e0 celui &hellip; <a href=\"https:\/\/santemc.quebec\/icentre\/des-paramedics-en-soutien-aux-equipes-de-lurgence-de-lhopital-du-haut-richelieu\/\">Continuer la lecture <span class=\"meta-nav\">&rarr;<\/span><\/a><\/p>\n","protected":false},"author":1,"featured_media":0,"comment_status":"open","ping_status":"closed","sticky":false,"template":"","format":"standard","meta":{"footnotes":""},"categories":[1],"tags":[],"_links":{"self":[{"href":"https:\/\/santemc.quebec\/icentre\/wp-json\/wp\/v2\/posts\/191189"}],"collection":[{"href":"https:\/\/santemc.quebec\/icentre\/wp-json\/wp\/v2\/posts"}],"about":[{"href":"https:\/\/santemc.quebec\/icentre\/wp-json\/wp\/v2\/types\/post"}],"author":[{"embeddable":true,"href":"https:\/\/santemc.quebec\/icentre\/wp-json\/wp\/v2\/users\/1"}],"replies":[{"embeddable":true,"href":"https:\/\/santemc.quebec\/icentre\/wp-json\/wp\/v2\/comments?post=191189"}],"version-history":[{"count":1,"href":"https:\/\/santemc.quebec\/icentre\/wp-json\/wp\/v2\/posts\/191189\/revisions"}],"predecessor-version":[{"id":191190,"href":"https:\/\/santemc.quebec\/icentre\/wp-json\/wp\/v2\/posts\/191189\/revisions\/191190"}],"wp:attachment":[{"href":"https:\/\/santemc.quebec\/icentre\/wp-json\/wp\/v2\/media?parent=191189"}],"wp:term":[{"taxonomy":"category","embeddable":true,"href":"https:\/\/santemc.quebec\/icentre\/wp-json\/wp\/v2\/categories?post=191189"},{"taxonomy":"post_tag","embeddable":true,"href":"https:\/\/santemc.quebec\/icentre\/wp-json\/wp\/v2\/tags?post=191189"}],"curies":[{"name":"wp","href":"https:\/\/api.w.org\/{rel}","templated":true}]}}