{"id":191240,"date":"2020-10-30T16:30:54","date_gmt":"2020-10-30T20:30:54","guid":{"rendered":"http:\/\/santemc.quebec\/icentre\/?p=191240"},"modified":"2020-10-30T16:30:54","modified_gmt":"2020-10-30T20:30:54","slug":"le-bilan-annuel-2019-2020-des-directrices-et-des-directeurs-de-la-protection-de-la-jeunesse-une-annee-marquee-par-la-pandemie-et-une-hausse-des-signalements","status":"publish","type":"post","link":"https:\/\/santemc.quebec\/icentre\/le-bilan-annuel-2019-2020-des-directrices-et-des-directeurs-de-la-protection-de-la-jeunesse-une-annee-marquee-par-la-pandemie-et-une-hausse-des-signalements\/","title":{"rendered":"Le Bilan annuel 2019-2020 des directrices et des directeurs de la protection de la jeunesse : une ann\u00e9e marqu\u00e9e par la pand\u00e9mie et une hausse des signalements"},"content":{"rendered":"<p><img decoding=\"async\" loading=\"lazy\" class=\"alignleft size-medium wp-image-191245\" src=\"https:\/\/santemc.quebec\/santemc\/icentre\/wp-content\/uploads\/2020\/10\/dpj-300x235.png\" alt=\"\" width=\"300\" height=\"235\" srcset=\"https:\/\/santemc.quebec\/santemc\/icentre\/wp-content\/uploads\/2020\/10\/dpj-300x235.png 300w, https:\/\/santemc.quebec\/santemc\/icentre\/wp-content\/uploads\/2020\/10\/dpj-382x300.png 382w, https:\/\/santemc.quebec\/santemc\/icentre\/wp-content\/uploads\/2020\/10\/dpj.png 580w\" sizes=\"(max-width: 300px) 100vw, 300px\" \/>Ayant pour th\u00e8me \u00ab Plus forts ensemble \u00bb, le 17e bilan des directrices et des directeurs de la protection de la jeunesse\/directeurs provinciaux 2020 (DPJ), paru cet automne, met en lumi\u00e8re l\u2019importance du travail en partenariat pour assurer une r\u00e9ponse sensible et de qualit\u00e9 aux besoins des enfants et de leur famille.<!--more--><\/p>\n<p>L\u2019ann\u00e9e 2019-2020 a amen\u00e9 son lot de d\u00e9fis. Confront\u00e9s \u00e0 la pand\u00e9mie de Covid-19, les DPJ ainsi que leurs \u00e9quipes ont d\u00fb rapidement adapter leur offre de services et leurs pratiques pour continuer de r\u00e9pondre aux besoins des enfants, des jeunes et de leur famille. Hausse des signalements, drames familiaux, Commission sp\u00e9ciale sur les droits des enfants et la protection de la jeunesse, la derni\u00e8re ann\u00e9e aura \u00e9t\u00e9 charni\u00e8re dans l\u2019histoire de la protection de la jeunesse au Qu\u00e9bec.<\/p>\n<p>Les DPJ sont convaincues qu\u2019une action concert\u00e9e, novatrice et port\u00e9e par des valeurs et une vision commune ne peut que nous rendre plus forts collectivement dans la r\u00e9alisation de notre mission de protection des enfants. Qu\u2019il s\u2019agisse du soutien apport\u00e9 par la voisine, par l\u2019enseignante \u00e0 l\u2019\u00e9coute attentive ou par les intervenants et organismes d\u2019horizons vari\u00e9s, chaque action bienveillante compte et s\u2019additionne les unes aux autres pour tisser le filet de protection sociale essentiel au bien-\u00eatre des enfants.<\/p>\n<p>Rappelons que la Direction de la protection de la jeunesse en Mont\u00e9r\u00e9gie est sous la gouverne du CISSS de la Mont\u00e9r\u00e9gie-Est et travaille en \u00e9troite collaboration notamment avec la Direction du Programme Jeunesse de notre \u00e9tablissement.<\/p>\n<p>Quelques statistiques r\u00e9gionales pour l\u2019ann\u00e9e 2019-2020 :<\/p>\n<ul>\n<li>18 033 signalements ont \u00e9t\u00e9 trait\u00e9s en Mont\u00e9r\u00e9gie, une hausse de 20,4 % par rapport \u00e0 l\u2019an dernier.<\/li>\n<li>33,4 % des signalements ont \u00e9t\u00e9 retenus.<\/li>\n<li>49 situations d\u2019enfants signal\u00e9s par jour, soit 8 situations de plus que l\u2019an dernier chaque jour. Pour consulter le Bilan DPJ<\/li>\n<\/ul>\n<p><a href=\"https:\/\/santemonteregie.qc.ca\/sites\/default\/files\/2020\/09\/bilan_dpj_2020web.pdf\" target=\"_blank\" rel=\"noopener noreferrer\">Pour consultez le bilan de la DPJ<\/a><\/p>\n","protected":false},"excerpt":{"rendered":"<p>Ayant pour th\u00e8me \u00ab Plus forts ensemble \u00bb, le 17e bilan des directrices et des directeurs de la protection de la jeunesse\/directeurs provinciaux 2020 (DPJ), paru cet automne, met en lumi\u00e8re l\u2019importance du travail en partenariat pour assurer une r\u00e9ponse &hellip; <a href=\"https:\/\/santemc.quebec\/icentre\/le-bilan-annuel-2019-2020-des-directrices-et-des-directeurs-de-la-protection-de-la-jeunesse-une-annee-marquee-par-la-pandemie-et-une-hausse-des-signalements\/\">Continuer la lecture <span class=\"meta-nav\">&rarr;<\/span><\/a><\/p>\n","protected":false},"author":1,"featured_media":0,"comment_status":"open","ping_status":"closed","sticky":false,"template":"","format":"standard","meta":{"footnotes":""},"categories":[1],"tags":[],"_links":{"self":[{"href":"https:\/\/santemc.quebec\/icentre\/wp-json\/wp\/v2\/posts\/191240"}],"collection":[{"href":"https:\/\/santemc.quebec\/icentre\/wp-json\/wp\/v2\/posts"}],"about":[{"href":"https:\/\/santemc.quebec\/icentre\/wp-json\/wp\/v2\/types\/post"}],"author":[{"embeddable":true,"href":"https:\/\/santemc.quebec\/icentre\/wp-json\/wp\/v2\/users\/1"}],"replies":[{"embeddable":true,"href":"https:\/\/santemc.quebec\/icentre\/wp-json\/wp\/v2\/comments?post=191240"}],"version-history":[{"count":1,"href":"https:\/\/santemc.quebec\/icentre\/wp-json\/wp\/v2\/posts\/191240\/revisions"}],"predecessor-version":[{"id":191246,"href":"https:\/\/santemc.quebec\/icentre\/wp-json\/wp\/v2\/posts\/191240\/revisions\/191246"}],"wp:attachment":[{"href":"https:\/\/santemc.quebec\/icentre\/wp-json\/wp\/v2\/media?parent=191240"}],"wp:term":[{"taxonomy":"category","embeddable":true,"href":"https:\/\/santemc.quebec\/icentre\/wp-json\/wp\/v2\/categories?post=191240"},{"taxonomy":"post_tag","embeddable":true,"href":"https:\/\/santemc.quebec\/icentre\/wp-json\/wp\/v2\/tags?post=191240"}],"curies":[{"name":"wp","href":"https:\/\/api.w.org\/{rel}","templated":true}]}}