{"id":191242,"date":"2020-10-30T16:33:47","date_gmt":"2020-10-30T20:33:47","guid":{"rendered":"http:\/\/santemc.quebec\/icentre\/?p=191242"},"modified":"2020-10-30T16:36:57","modified_gmt":"2020-10-30T20:36:57","slug":"premiere-edition-du-bulletin-info-labo-covid","status":"publish","type":"post","link":"https:\/\/santemc.quebec\/icentre\/premiere-edition-du-bulletin-info-labo-covid\/","title":{"rendered":"Premi\u00e8re \u00e9dition du bulletin \u00ab Info-Labo-Covid \u00bb."},"content":{"rendered":"<div>\n<p><a href=\"https:\/\/santemc.quebec\/santemc\/icentre\/wp-content\/uploads\/2020\/10\/infolabocovid.png\"><img decoding=\"async\" loading=\"lazy\" class=\"alignnone size-full wp-image-191244\" src=\"https:\/\/santemc.quebec\/santemc\/icentre\/wp-content\/uploads\/2020\/10\/infolabocovid.png\" alt=\"\" width=\"1366\" height=\"332\" srcset=\"https:\/\/santemc.quebec\/santemc\/icentre\/wp-content\/uploads\/2020\/10\/infolabocovid.png 1366w, https:\/\/santemc.quebec\/santemc\/icentre\/wp-content\/uploads\/2020\/10\/infolabocovid-300x73.png 300w, https:\/\/santemc.quebec\/santemc\/icentre\/wp-content\/uploads\/2020\/10\/infolabocovid-1024x249.png 1024w, https:\/\/santemc.quebec\/santemc\/icentre\/wp-content\/uploads\/2020\/10\/infolabocovid-768x187.png 768w, https:\/\/santemc.quebec\/santemc\/icentre\/wp-content\/uploads\/2020\/10\/infolabocovid-500x122.png 500w\" sizes=\"(max-width: 1366px) 100vw, 1366px\" \/><\/a>Vous trouverez, ci bas, la premi\u00e8re \u00e9dition du<strong> bulletin \u00ab Info-Labo-Covid \u00bb<\/strong>.<\/p>\n<p>Ce bulletin pr\u00e9sente, de fa\u00e7on factuelle, des donn\u00e9es \u00e0 jour de la capacit\u00e9 d\u2019analyse de la COVID-19 au Qu\u00e9bec et en Mont\u00e9r\u00e9gie ainsi que les d\u00e9veloppements \u00e0 venir aux laboratoires de la r\u00e9gion.<\/p>\n<p><!--more--><\/p>\n<p>Cette premi\u00e8re \u00e9dition dresse \u00e9galement un rappel chronologique de l\u2019\u00e9volution de la situation depuis mars.<\/p>\n<p>Ce bulletin sera publi\u00e9 de fa\u00e7on r\u00e9currente.<\/p>\n<p>Pour le consulter,<a href=\"https:\/\/santemc.quebec\/santemc\/icentre\/wp-content\/uploads\/2020\/10\/LaboCovid_BulletinNo1_v5.pdf\" target=\"_blank\" rel=\"noopener noreferrer\"> cliquez ici.<\/a><\/p>\n<\/div>\n","protected":false},"excerpt":{"rendered":"<p>Vous trouverez, ci bas, la premi\u00e8re \u00e9dition du bulletin \u00ab Info-Labo-Covid \u00bb. Ce bulletin pr\u00e9sente, de fa\u00e7on factuelle, des donn\u00e9es \u00e0 jour de la capacit\u00e9 d\u2019analyse de la COVID-19 au Qu\u00e9bec et en Mont\u00e9r\u00e9gie ainsi que les d\u00e9veloppements \u00e0 venir &hellip; <a href=\"https:\/\/santemc.quebec\/icentre\/premiere-edition-du-bulletin-info-labo-covid\/\">Continuer la lecture <span class=\"meta-nav\">&rarr;<\/span><\/a><\/p>\n","protected":false},"author":32,"featured_media":0,"comment_status":"open","ping_status":"closed","sticky":false,"template":"","format":"standard","meta":{"footnotes":""},"categories":[1],"tags":[],"_links":{"self":[{"href":"https:\/\/santemc.quebec\/icentre\/wp-json\/wp\/v2\/posts\/191242"}],"collection":[{"href":"https:\/\/santemc.quebec\/icentre\/wp-json\/wp\/v2\/posts"}],"about":[{"href":"https:\/\/santemc.quebec\/icentre\/wp-json\/wp\/v2\/types\/post"}],"author":[{"embeddable":true,"href":"https:\/\/santemc.quebec\/icentre\/wp-json\/wp\/v2\/users\/32"}],"replies":[{"embeddable":true,"href":"https:\/\/santemc.quebec\/icentre\/wp-json\/wp\/v2\/comments?post=191242"}],"version-history":[{"count":3,"href":"https:\/\/santemc.quebec\/icentre\/wp-json\/wp\/v2\/posts\/191242\/revisions"}],"predecessor-version":[{"id":191248,"href":"https:\/\/santemc.quebec\/icentre\/wp-json\/wp\/v2\/posts\/191242\/revisions\/191248"}],"wp:attachment":[{"href":"https:\/\/santemc.quebec\/icentre\/wp-json\/wp\/v2\/media?parent=191242"}],"wp:term":[{"taxonomy":"category","embeddable":true,"href":"https:\/\/santemc.quebec\/icentre\/wp-json\/wp\/v2\/categories?post=191242"},{"taxonomy":"post_tag","embeddable":true,"href":"https:\/\/santemc.quebec\/icentre\/wp-json\/wp\/v2\/tags?post=191242"}],"curies":[{"name":"wp","href":"https:\/\/api.w.org\/{rel}","templated":true}]}}