{"id":191308,"date":"2020-11-03T15:19:00","date_gmt":"2020-11-03T20:19:00","guid":{"rendered":"http:\/\/santemc.quebec\/icentre\/?p=191308"},"modified":"2020-11-03T15:26:56","modified_gmt":"2020-11-03T20:26:56","slug":"recruter-en-mode-virtuel-des-salons-demploi-bien-differents","status":"publish","type":"post","link":"https:\/\/santemc.quebec\/icentre\/recruter-en-mode-virtuel-des-salons-demploi-bien-differents\/","title":{"rendered":"Recruter en mode virtuel : des salons d\u2019emploi bien diff\u00e9rents"},"content":{"rendered":"<div id=\"attachment_191309\" style=\"width: 310px\" class=\"wp-caption alignleft\"><a href=\"https:\/\/santemc.quebec\/santemc\/icentre\/wp-content\/uploads\/2020\/11\/Visuel_kiosque_Evenement-Carriere.jpg\"><img aria-describedby=\"caption-attachment-191309\" decoding=\"async\" loading=\"lazy\" class=\"wp-image-191309 size-medium\" src=\"https:\/\/santemc.quebec\/santemc\/icentre\/wp-content\/uploads\/2020\/11\/Visuel_kiosque_Evenement-Carriere-300x207.jpg\" alt=\"\" width=\"300\" height=\"207\" srcset=\"https:\/\/santemc.quebec\/santemc\/icentre\/wp-content\/uploads\/2020\/11\/Visuel_kiosque_Evenement-Carriere-300x207.jpg 300w, https:\/\/santemc.quebec\/santemc\/icentre\/wp-content\/uploads\/2020\/11\/Visuel_kiosque_Evenement-Carriere-435x300.jpg 435w, https:\/\/santemc.quebec\/santemc\/icentre\/wp-content\/uploads\/2020\/11\/Visuel_kiosque_Evenement-Carriere.jpg 676w\" sizes=\"(max-width: 300px) 100vw, 300px\" \/><\/a><p id=\"caption-attachment-191309\" class=\"wp-caption-text\">Le kiosque de recrutement du CISSSMC lors du Salon virtuel de l\u2019emploi et de la formation continue qui a eu lieu en octobre dernier.<\/p><\/div>\n<p>Comme plusieurs secteurs d\u2019activit\u00e9s, les salons et foires de l\u2019emploi ont d\u00fb se r\u00e9inventer au cours des derniers mois afin de transformer leurs \u00e9v\u00e9nements en pr\u00e9sentiel en formules virtuelles. L\u2019\u00e9quipe du Service des activit\u00e9s d&rsquo;attraction et de fid\u00e9lisation des ressources humaines (dotation externe) a elle aussi d\u00fb revoir ses fa\u00e7ons de faire pour s\u2019adapter aux nouvelles plateformes utilis\u00e9es par ses partenaires.<\/p>\n<p><!--more--><\/p>\n<p>D\u00e9j\u00e0 en octobre, deux \u00e9v\u00e9nements, le Carrefour de l\u2019emploi de l\u2019Universit\u00e9 Laval et le Salon virtuel de l\u2019emploi et de la formation continue, ont eu lieu avec une plateforme virtuelle qui reproduit l\u2019imagerie des kiosques des salons d\u2019emploi traditionnels, mais en ajoutant un espace pour discuter en direct avec les participants et une \u00ab\u00a0zone\u00a0\u00bb pour visionner vid\u00e9os, photos et fiches de pr\u00e9sentation des employeurs.<\/p>\n<p>En novembre, l\u2019\u00e9quipe de la dotation externe participera \u00e0 9 autres salons de recrutement, la plupart \u00e9tant organis\u00e9s par des c\u00e9geps et universit\u00e9s pour leurs \u00e9tudiants et finissants. Certaines de ces activit\u00e9s prennent la forme de midi-conf\u00e9rence, d\u2019autres optent plut\u00f4t pour une discussion conviviale entre employeurs et \u00e9tudiants sur Teams ou Zoom. Dans tous les cas, le CISSSMC est pr\u00eat \u00e0 pr\u00e9senter ses plus beaux attraits pour attirer la rel\u00e8ve de demain!<\/p>\n<p>Voici les activit\u00e9s pr\u00e9vues au cours des prochaines semaines\u00a0:<\/p>\n<ul>\n<li style=\"list-style-type: none;\">\n<ul>\n<li>3 novembre : C\u00e9gep Saint-Jean-sur-Richelieu &#8211; Journ\u00e9e Sant\u00e9 carri\u00e8re virtuelle (plusieurs techniques dont soins infirmiers, travail social, analyses biom\u00e9dicales)<\/li>\n<li>4 novembre : Coll\u00e8ge Rosemont (laboratoires)<\/li>\n<li>5 novembre\u00a0: Universit\u00e9 de Sherbrooke (soins infirmiers)<\/li>\n<li>10 novembre\u00a0: Universit\u00e9 de Sherbrooke (professionnels de la sant\u00e9)<\/li>\n<li>16 novembre : C\u00e9gep Andr\u00e9-Laurendeau &#8211; Journ\u00e9e Carri\u00e8re virtuelle (soins infirmiers)<\/li>\n<li>16 au 20 novembre : \u00c9v\u00e9nement emploi du Haut-Richelieu (tous titres d\u2019emploi)<\/li>\n<li>18-23-25 novembre : Coll\u00e8ge Rosemont &#8211; Journ\u00e9es emploi (inhaloth\u00e9rapeutes et soins infirmiers)<\/li>\n<\/ul>\n<\/li>\n<\/ul>\n","protected":false},"excerpt":{"rendered":"<p>Comme plusieurs secteurs d\u2019activit\u00e9s, les salons et foires de l\u2019emploi ont d\u00fb se r\u00e9inventer au cours des derniers mois afin de transformer leurs \u00e9v\u00e9nements en pr\u00e9sentiel en formules virtuelles. L\u2019\u00e9quipe du Service des activit\u00e9s d&rsquo;attraction et de fid\u00e9lisation des ressources &hellip; <a href=\"https:\/\/santemc.quebec\/icentre\/recruter-en-mode-virtuel-des-salons-demploi-bien-differents\/\">Continuer la lecture <span class=\"meta-nav\">&rarr;<\/span><\/a><\/p>\n","protected":false},"author":9,"featured_media":0,"comment_status":"open","ping_status":"closed","sticky":false,"template":"","format":"standard","meta":{"footnotes":""},"categories":[1],"tags":[],"_links":{"self":[{"href":"https:\/\/santemc.quebec\/icentre\/wp-json\/wp\/v2\/posts\/191308"}],"collection":[{"href":"https:\/\/santemc.quebec\/icentre\/wp-json\/wp\/v2\/posts"}],"about":[{"href":"https:\/\/santemc.quebec\/icentre\/wp-json\/wp\/v2\/types\/post"}],"author":[{"embeddable":true,"href":"https:\/\/santemc.quebec\/icentre\/wp-json\/wp\/v2\/users\/9"}],"replies":[{"embeddable":true,"href":"https:\/\/santemc.quebec\/icentre\/wp-json\/wp\/v2\/comments?post=191308"}],"version-history":[{"count":3,"href":"https:\/\/santemc.quebec\/icentre\/wp-json\/wp\/v2\/posts\/191308\/revisions"}],"predecessor-version":[{"id":191312,"href":"https:\/\/santemc.quebec\/icentre\/wp-json\/wp\/v2\/posts\/191308\/revisions\/191312"}],"wp:attachment":[{"href":"https:\/\/santemc.quebec\/icentre\/wp-json\/wp\/v2\/media?parent=191308"}],"wp:term":[{"taxonomy":"category","embeddable":true,"href":"https:\/\/santemc.quebec\/icentre\/wp-json\/wp\/v2\/categories?post=191308"},{"taxonomy":"post_tag","embeddable":true,"href":"https:\/\/santemc.quebec\/icentre\/wp-json\/wp\/v2\/tags?post=191308"}],"curies":[{"name":"wp","href":"https:\/\/api.w.org\/{rel}","templated":true}]}}