{"id":191345,"date":"2020-11-04T16:38:44","date_gmt":"2020-11-04T21:38:44","guid":{"rendered":"http:\/\/santemc.quebec\/icentre\/?p=191345"},"modified":"2020-11-04T16:38:44","modified_gmt":"2020-11-04T21:38:44","slug":"covid-19-mise-a-jour-de-la-foire-aux-questions-des-employes-8","status":"publish","type":"post","link":"https:\/\/santemc.quebec\/icentre\/covid-19-mise-a-jour-de-la-foire-aux-questions-des-employes-8\/","title":{"rendered":"COVID-19 : Mise \u00e0 jour de la Foire aux questions des employ\u00e9s"},"content":{"rendered":"<p>Des pr\u00e9cisions ont \u00e9t\u00e9 apport\u00e9es quant au r<span style=\"color: #003300;\">ehaussement \u00e0 temps complet<\/span> ainsi que sur la possibilit\u00e9 de monnayer des vacances accumul\u00e9es.<\/p>\n<p><a href=\"https:\/\/santemc.quebec\/icentre\/?page_id=185406\" target=\"_blank\" rel=\"noopener noreferrer\">Lire la Foire aux questions<\/a><\/p>\n","protected":false},"excerpt":{"rendered":"<p>Des pr\u00e9cisions ont \u00e9t\u00e9 apport\u00e9es quant au rehaussement \u00e0 temps complet ainsi que sur la possibilit\u00e9 de monnayer des vacances accumul\u00e9es. Lire la Foire aux questions<\/p>\n","protected":false},"author":33,"featured_media":0,"comment_status":"open","ping_status":"closed","sticky":false,"template":"","format":"standard","meta":{"footnotes":""},"categories":[1],"tags":[],"_links":{"self":[{"href":"https:\/\/santemc.quebec\/icentre\/wp-json\/wp\/v2\/posts\/191345"}],"collection":[{"href":"https:\/\/santemc.quebec\/icentre\/wp-json\/wp\/v2\/posts"}],"about":[{"href":"https:\/\/santemc.quebec\/icentre\/wp-json\/wp\/v2\/types\/post"}],"author":[{"embeddable":true,"href":"https:\/\/santemc.quebec\/icentre\/wp-json\/wp\/v2\/users\/33"}],"replies":[{"embeddable":true,"href":"https:\/\/santemc.quebec\/icentre\/wp-json\/wp\/v2\/comments?post=191345"}],"version-history":[{"count":1,"href":"https:\/\/santemc.quebec\/icentre\/wp-json\/wp\/v2\/posts\/191345\/revisions"}],"predecessor-version":[{"id":191347,"href":"https:\/\/santemc.quebec\/icentre\/wp-json\/wp\/v2\/posts\/191345\/revisions\/191347"}],"wp:attachment":[{"href":"https:\/\/santemc.quebec\/icentre\/wp-json\/wp\/v2\/media?parent=191345"}],"wp:term":[{"taxonomy":"category","embeddable":true,"href":"https:\/\/santemc.quebec\/icentre\/wp-json\/wp\/v2\/categories?post=191345"},{"taxonomy":"post_tag","embeddable":true,"href":"https:\/\/santemc.quebec\/icentre\/wp-json\/wp\/v2\/tags?post=191345"}],"curies":[{"name":"wp","href":"https:\/\/api.w.org\/{rel}","templated":true}]}}