{"id":191434,"date":"2020-11-10T08:41:01","date_gmt":"2020-11-10T13:41:01","guid":{"rendered":"http:\/\/santemc.quebec\/icentre\/?p=191434"},"modified":"2020-11-12T11:43:30","modified_gmt":"2020-11-12T16:43:30","slug":"conference-midi-virtuelle-la-gestion-du-stress","status":"publish","type":"post","link":"https:\/\/santemc.quebec\/icentre\/conference-midi-virtuelle-la-gestion-du-stress\/","title":{"rendered":"Conf\u00e9rence-midi virtuelle\u00a0: la gestion du stress"},"content":{"rendered":"<p><a href=\"https:\/\/santemc.quebec\/santemc\/icentre\/wp-content\/uploads\/2020\/11\/johannes-krupinski-iRx6yzYHsR8-unsplash-scaled.jpg\"><img decoding=\"async\" loading=\"lazy\" class=\" wp-image-191433 alignleft\" src=\"https:\/\/santemc.quebec\/santemc\/icentre\/wp-content\/uploads\/2020\/11\/johannes-krupinski-iRx6yzYHsR8-unsplash-scaled.jpg\" alt=\"\" width=\"188\" height=\"277\" \/><\/a>En ces temps de pand\u00e9mie, les stresseurs se multiplient et peuvent avoir une incidence sur notre bien-\u00eatre personnel mais aussi notre fonctionnement au travail.<\/p>\n<p>Le <strong>conseil multidisciplinaire<\/strong> vous invite \u00e0 un atelier sur la gestion du stress. Anim\u00e9e, \u00e0 la demande du CM, par des membres de l\u2019<strong>\u00c9quipe psychosociale Covid, <\/strong>cette activit\u00e9 vous proposera des outils simples et pratiques dans le but de vous accompagner dans votre gestion du stress.<!--more--><\/p>\n<p>Cette pr\u00e9sentation, offerte sur Zoom, se veut un atelier exp\u00e9rientiel et utile pendant lequel nous vous inviterons \u00e0 tester des outils concrets et \u00e0 approfondir vos r\u00e9flexions personnelles.<\/p>\n<p><strong>Atelier\u00a0:<br \/>\nDate\u00a0: 17 novembre, de 12 h 05 \u00e0 13 h<\/strong><br \/>\n<strong>Plateforme\u00a0:<\/strong> Zoom. Le lien vous sera envoy\u00e9 suivant votre inscription.<br \/>\n<em>Vous aurez besoin d\u2019avoir acc\u00e8s \u00e0 un t\u00e9l\u00e9phone ou \u00e0 un ordinateur avec audio ou \u00e9couteurs (la cam\u00e9ra n\u2019est pas requise).<br \/>\n<\/em><strong>Inscriptions\u00a0: <a href=\"https:\/\/santemc.quebec\/santemc\/icentre\/wp-admin\/admin-ajax.php?action=frm_forms_preview&amp;form=ateliergestiondustress\">cliquez ici<\/a><\/strong>.<br \/>\nLe nombre de place est limit\u00e9, mais la rencontre sera enregistr\u00e9e pour rediffusion \u00e9ventuelle.<\/p>\n<p><em>Avant de vous connecter \u00e0 cette conf\u00e9rence, nous vous proposons d\u2019identifier une image qui repr\u00e9sente votre \u00e9tat \u00e9motif actuel. Celle-ci sera utilis\u00e9e durant la rencontre.<\/em><\/p>\n<p><strong>Pr\u00e9cision\u00a0:<br \/>\n<\/strong>Les interactions seront limit\u00e9es durant l\u2019atelier. Sachez n\u00e9anmoins que l\u2019\u00c9quipe psychosociale Covid est disponible, 7 jours\/semaine, pour les employ\u00e9s et m\u00e9decins du CISSS pour tous les besoin de soutien individuel, aux deux num\u00e9ros habituels :<\/p>\n<ul>\n<li>RLS de Champlain :\u00a0 514 820-8792<\/li>\n<li>RLS du Haut-Richelieu\u2013Rouville : 514 409-1037 de 9 h \u00e0 17 h<\/li>\n<\/ul>\n<p>***Vos cam\u00e9ras et micros seront ferm\u00e9s au lancement de l\u2019atelier.<\/p>\n","protected":false},"excerpt":{"rendered":"<p>En ces temps de pand\u00e9mie, les stresseurs se multiplient et peuvent avoir une incidence sur notre bien-\u00eatre personnel mais aussi notre fonctionnement au travail. Le conseil multidisciplinaire vous invite \u00e0 un atelier sur la gestion du stress. Anim\u00e9e, \u00e0 la &hellip; <a href=\"https:\/\/santemc.quebec\/icentre\/conference-midi-virtuelle-la-gestion-du-stress\/\">Continuer la lecture <span class=\"meta-nav\">&rarr;<\/span><\/a><\/p>\n","protected":false},"author":32,"featured_media":0,"comment_status":"open","ping_status":"closed","sticky":false,"template":"","format":"standard","meta":{"footnotes":""},"categories":[1],"tags":[],"_links":{"self":[{"href":"https:\/\/santemc.quebec\/icentre\/wp-json\/wp\/v2\/posts\/191434"}],"collection":[{"href":"https:\/\/santemc.quebec\/icentre\/wp-json\/wp\/v2\/posts"}],"about":[{"href":"https:\/\/santemc.quebec\/icentre\/wp-json\/wp\/v2\/types\/post"}],"author":[{"embeddable":true,"href":"https:\/\/santemc.quebec\/icentre\/wp-json\/wp\/v2\/users\/32"}],"replies":[{"embeddable":true,"href":"https:\/\/santemc.quebec\/icentre\/wp-json\/wp\/v2\/comments?post=191434"}],"version-history":[{"count":5,"href":"https:\/\/santemc.quebec\/icentre\/wp-json\/wp\/v2\/posts\/191434\/revisions"}],"predecessor-version":[{"id":191519,"href":"https:\/\/santemc.quebec\/icentre\/wp-json\/wp\/v2\/posts\/191434\/revisions\/191519"}],"wp:attachment":[{"href":"https:\/\/santemc.quebec\/icentre\/wp-json\/wp\/v2\/media?parent=191434"}],"wp:term":[{"taxonomy":"category","embeddable":true,"href":"https:\/\/santemc.quebec\/icentre\/wp-json\/wp\/v2\/categories?post=191434"},{"taxonomy":"post_tag","embeddable":true,"href":"https:\/\/santemc.quebec\/icentre\/wp-json\/wp\/v2\/tags?post=191434"}],"curies":[{"name":"wp","href":"https:\/\/api.w.org\/{rel}","templated":true}]}}