{"id":191453,"date":"2020-11-12T12:50:38","date_gmt":"2020-11-12T17:50:38","guid":{"rendered":"http:\/\/santemc.quebec\/icentre\/?p=191453"},"modified":"2020-11-12T16:01:57","modified_gmt":"2020-11-12T21:01:57","slug":"les-technologues-des-maillons-essentiels-dans-notre-organisation","status":"publish","type":"post","link":"https:\/\/santemc.quebec\/icentre\/les-technologues-des-maillons-essentiels-dans-notre-organisation\/","title":{"rendered":"Les technologues : des maillons essentiels dans notre organisation"},"content":{"rendered":"<p><a href=\"https:\/\/santemc.quebec\/santemc\/icentre\/wp-content\/uploads\/2020\/11\/semaine_technologues.png\"><img decoding=\"async\" loading=\"lazy\" class=\"aligncenter wp-image-191455 size-full\" src=\"https:\/\/santemc.quebec\/santemc\/icentre\/wp-content\/uploads\/2020\/11\/semaine_technologues.png\" alt=\"\" width=\"851\" height=\"310\" srcset=\"https:\/\/santemc.quebec\/santemc\/icentre\/wp-content\/uploads\/2020\/11\/semaine_technologues.png 851w, https:\/\/santemc.quebec\/santemc\/icentre\/wp-content\/uploads\/2020\/11\/semaine_technologues-300x109.png 300w, https:\/\/santemc.quebec\/santemc\/icentre\/wp-content\/uploads\/2020\/11\/semaine_technologues-768x280.png 768w, https:\/\/santemc.quebec\/santemc\/icentre\/wp-content\/uploads\/2020\/11\/semaine_technologues-500x182.png 500w\" sizes=\"(max-width: 851px) 100vw, 851px\" \/><\/a><\/p>\n<p>Du 8 au 14 novembre 2020, soulignons la Semaine des technologues en imagerie m\u00e9dicale, en radio-oncologie et en \u00e9lectrophysiologie m\u00e9dicale! En effet, cette semaine leur est tout sp\u00e9cialement d\u00e9di\u00e9e afin de mieux faire conna\u00eetre les diff\u00e9rentes professions et pour souligner le r\u00f4le essentiel qu\u2019ils jouent dans le syst\u00e8me de sant\u00e9.<\/p>\n<p><!--more--><\/p>\n<p>Pour notre CISSS, ce n\u2019est pas moins de 207 technologues qui travaillent aupr\u00e8s des patients.\u00a0Les technologues en imagerie m\u00e9dicale et les technologues en \u00e9lectrophysiologie m\u00e9dicale\u00a0 effectuent\u00a0des examens sp\u00e9cialis\u00e9s servant \u00e0 produire des images de l&rsquo;anatomie et du fonctionnement de diff\u00e9rentes parties du corps ou autres tests diagnostiques. Ces tests sont produits en vue de fournir aux m\u00e9decins des donn\u00e9es et des images qui leur permettront d&rsquo;\u00e9tablir un diagnostic ou de proc\u00e9der \u00e0 divers traitements.\u00a0Par exemple, on peut retrouver, entre autres, la tomodensitom\u00e9trie, l\u2019\u00e9chographie, la r\u00e9sonance magn\u00e9tique, la mammographie, la radiographie g\u00e9n\u00e9rale, la m\u00e9decine nucl\u00e9aire, l\u2019\u00e9lectrophysiologie m\u00e9dicale.<\/p>\n<p>De leur c\u00f4t\u00e9, et sous prescription m\u00e9dicale, les technologues en radio-oncologie\u00a0planifient et administrent les traitements de radioth\u00e9rapie externe et de curieth\u00e9rapie aux patients atteints de cancer.\u00a0Ils obtiennent les images n\u00e9cessaires \u00e0 la planification, optimisent la distribution de la dose qui sera administr\u00e9e, administrent les traitements et accompagnent les patients tout au long de leur parcours en radio-oncologie.<\/p>\n<p>En ces temps de crise, les technologues en imagerie m\u00e9dicale, en radio-oncologie et en \u00e9lectrophysiologie m\u00e9dicale redoublent d\u2019efforts sur le terrain. En premi\u00e8re ligne ou en appui, leur pr\u00e9sence aupr\u00e8s des patients et leur expertise sont non seulement pr\u00e9cieuses mais essentielles.<\/p>\n<p>Bonne Semaine des technologues!<\/p>\n","protected":false},"excerpt":{"rendered":"<p>Du 8 au 14 novembre 2020, soulignons la Semaine des technologues en imagerie m\u00e9dicale, en radio-oncologie et en \u00e9lectrophysiologie m\u00e9dicale! En effet, cette semaine leur est tout sp\u00e9cialement d\u00e9di\u00e9e afin de mieux faire conna\u00eetre les diff\u00e9rentes professions et pour souligner &hellip; <a href=\"https:\/\/santemc.quebec\/icentre\/les-technologues-des-maillons-essentiels-dans-notre-organisation\/\">Continuer la lecture <span class=\"meta-nav\">&rarr;<\/span><\/a><\/p>\n","protected":false},"author":9,"featured_media":0,"comment_status":"open","ping_status":"closed","sticky":false,"template":"","format":"standard","meta":{"footnotes":""},"categories":[1],"tags":[],"_links":{"self":[{"href":"https:\/\/santemc.quebec\/icentre\/wp-json\/wp\/v2\/posts\/191453"}],"collection":[{"href":"https:\/\/santemc.quebec\/icentre\/wp-json\/wp\/v2\/posts"}],"about":[{"href":"https:\/\/santemc.quebec\/icentre\/wp-json\/wp\/v2\/types\/post"}],"author":[{"embeddable":true,"href":"https:\/\/santemc.quebec\/icentre\/wp-json\/wp\/v2\/users\/9"}],"replies":[{"embeddable":true,"href":"https:\/\/santemc.quebec\/icentre\/wp-json\/wp\/v2\/comments?post=191453"}],"version-history":[{"count":21,"href":"https:\/\/santemc.quebec\/icentre\/wp-json\/wp\/v2\/posts\/191453\/revisions"}],"predecessor-version":[{"id":191535,"href":"https:\/\/santemc.quebec\/icentre\/wp-json\/wp\/v2\/posts\/191453\/revisions\/191535"}],"wp:attachment":[{"href":"https:\/\/santemc.quebec\/icentre\/wp-json\/wp\/v2\/media?parent=191453"}],"wp:term":[{"taxonomy":"category","embeddable":true,"href":"https:\/\/santemc.quebec\/icentre\/wp-json\/wp\/v2\/categories?post=191453"},{"taxonomy":"post_tag","embeddable":true,"href":"https:\/\/santemc.quebec\/icentre\/wp-json\/wp\/v2\/tags?post=191453"}],"curies":[{"name":"wp","href":"https:\/\/api.w.org\/{rel}","templated":true}]}}