{"id":191492,"date":"2020-11-12T14:48:18","date_gmt":"2020-11-12T19:48:18","guid":{"rendered":"http:\/\/santemc.quebec\/icentre\/?p=191492"},"modified":"2020-11-12T14:52:51","modified_gmt":"2020-11-12T19:52:51","slug":"covid-19-mise-a-jour-de-la-foire-aux-questions-des-employes-9","status":"publish","type":"post","link":"https:\/\/santemc.quebec\/icentre\/covid-19-mise-a-jour-de-la-foire-aux-questions-des-employes-9\/","title":{"rendered":"COVID-19 : Mise \u00e0 jour de la Foire aux questions des employ\u00e9s"},"content":{"rendered":"<p>Des questions ont \u00e9t\u00e9 ajout\u00e9es en lien avec les sujets ci-dessous :<\/p>\n<ul>\n<li>Rehaussement \u00e0 temps complet pour les quarts de nuit<\/li>\n<li>Maintien de transfert en date du 22 novembre pour l&rsquo;obtention d&rsquo;un poste<\/li>\n<li>Possibilit\u00e9 de monnayer des vacances \u00e0 taux 1\/2<\/li>\n<\/ul>\n<p>Lire la <a href=\"https:\/\/santemc.quebec\/icentre\/?page_id=185406\" target=\"_blank\" rel=\"noopener noreferrer\">Foire aux questions des employ\u00e9s<\/a><\/p>\n<p>&nbsp;<\/p>\n","protected":false},"excerpt":{"rendered":"<p>Des questions ont \u00e9t\u00e9 ajout\u00e9es en lien avec les sujets ci-dessous : Rehaussement \u00e0 temps complet pour les quarts de nuit Maintien de transfert en date du 22 novembre pour l&rsquo;obtention d&rsquo;un poste Possibilit\u00e9 de monnayer des vacances \u00e0 taux &hellip; <a href=\"https:\/\/santemc.quebec\/icentre\/covid-19-mise-a-jour-de-la-foire-aux-questions-des-employes-9\/\">Continuer la lecture <span class=\"meta-nav\">&rarr;<\/span><\/a><\/p>\n","protected":false},"author":33,"featured_media":0,"comment_status":"open","ping_status":"closed","sticky":false,"template":"","format":"standard","meta":{"footnotes":""},"categories":[1],"tags":[],"_links":{"self":[{"href":"https:\/\/santemc.quebec\/icentre\/wp-json\/wp\/v2\/posts\/191492"}],"collection":[{"href":"https:\/\/santemc.quebec\/icentre\/wp-json\/wp\/v2\/posts"}],"about":[{"href":"https:\/\/santemc.quebec\/icentre\/wp-json\/wp\/v2\/types\/post"}],"author":[{"embeddable":true,"href":"https:\/\/santemc.quebec\/icentre\/wp-json\/wp\/v2\/users\/33"}],"replies":[{"embeddable":true,"href":"https:\/\/santemc.quebec\/icentre\/wp-json\/wp\/v2\/comments?post=191492"}],"version-history":[{"count":3,"href":"https:\/\/santemc.quebec\/icentre\/wp-json\/wp\/v2\/posts\/191492\/revisions"}],"predecessor-version":[{"id":191499,"href":"https:\/\/santemc.quebec\/icentre\/wp-json\/wp\/v2\/posts\/191492\/revisions\/191499"}],"wp:attachment":[{"href":"https:\/\/santemc.quebec\/icentre\/wp-json\/wp\/v2\/media?parent=191492"}],"wp:term":[{"taxonomy":"category","embeddable":true,"href":"https:\/\/santemc.quebec\/icentre\/wp-json\/wp\/v2\/categories?post=191492"},{"taxonomy":"post_tag","embeddable":true,"href":"https:\/\/santemc.quebec\/icentre\/wp-json\/wp\/v2\/tags?post=191492"}],"curies":[{"name":"wp","href":"https:\/\/api.w.org\/{rel}","templated":true}]}}